{"id":15679,"date":"2025-07-03T12:20:34","date_gmt":"2025-07-03T10:20:34","guid":{"rendered":"https:\/\/www.lafresca.fm\/?p=15679"},"modified":"2025-07-03T12:20:37","modified_gmt":"2025-07-03T10:20:37","slug":"la-gimnasta-ibense-martina-valero-ruiz-campeona-de-espana-de-gimnasia-ritmica-con-pelota","status":"publish","type":"post","link":"https:\/\/www.lafresca.fm\/la-gimnasta-ibense-martina-valero-ruiz-campeona-de-espana-de-gimnasia-ritmica-con-pelota\/","title":{"rendered":"La gimnasta ibense Martina Valero Ruiz, campeona de Espa\u00f1a de gimnasia r\u00edtmica con pelota"},"content":{"rendered":"\n<p>La joven gimnasta ibense <strong>Martina Valero Ruiz<\/strong> se ha proclamado <strong>campeona de Espa\u00f1a en la especialidad de pelota<\/strong> en el Campeonato de Espa\u00f1a de Equipos Absoluto Iberdrola, celebrado del 26 al 29 de junio en el Palacio de Deportes de Santander.<\/p>\n\n\n\n<p>El evento, considerado uno de los m\u00e1s prestigiosos a nivel nacional, reuni\u00f3 a m\u00e1s de <strong>500 gimnastas<\/strong> de <strong>110 clubes<\/strong> procedentes de toda Espa\u00f1a, en una competici\u00f3n marcada por la excelencia y el alto nivel t\u00e9cnico.<\/p>\n\n\n\n<p>Martina, que compite en la <strong>categor\u00eda j\u00fanior absoluto<\/strong>, destac\u00f3 por su <strong>destreza, elegancia y perfecci\u00f3n<\/strong> durante la ejecuci\u00f3n de su ejercicio con pelota, lo que le vali\u00f3 la <strong>mejor puntuaci\u00f3n entre las 48 participantes<\/strong> en esta modalidad, alz\u00e1ndose con el <strong>t\u00edtulo de campeona de Espa\u00f1a<\/strong>. Adem\u00e1s, logr\u00f3 una meritoria <strong>cuarta posici\u00f3n en la clasificaci\u00f3n general por aparatos<\/strong>, lo que le otorg\u00f3 el <strong>diploma nacional<\/strong>.<\/p>\n\n\n\n<p>Actualmente, Martina entrena en el prestigioso <strong>Club Jennifer Colino de Torrevieja<\/strong>, donde se traslada diariamente desde Ibi para realizar una exigente rutina de entrenamiento que alcanza las <strong>5 horas diarias durante cinco d\u00edas a la semana<\/strong>. Su dedicaci\u00f3n y esfuerzo constantes han sido claves en una temporada llena de logros y progresi\u00f3n.<\/p>\n\n\n\n<figure class=\"wp-block-image size-large\"><img fetchpriority=\"high\" decoding=\"async\" width=\"878\" height=\"1170\" src=\"https:\/\/www.lafresca.fm\/f-solosog\/2025\/07\/514374640_1137903258376581_6516288621141275504_n-878x1170.jpg\" alt=\"\" class=\"wp-image-15680\" srcset=\"https:\/\/www.lafresca.fm\/f-solosog\/2025\/07\/514374640_1137903258376581_6516288621141275504_n-878x1170.jpg 878w, https:\/\/www.lafresca.fm\/f-solosog\/2025\/07\/514374640_1137903258376581_6516288621141275504_n-578x770.jpg 578w, https:\/\/www.lafresca.fm\/f-solosog\/2025\/07\/514374640_1137903258376581_6516288621141275504_n-768x1024.jpg 768w, https:\/\/www.lafresca.fm\/f-solosog\/2025\/07\/514374640_1137903258376581_6516288621141275504_n-1152x1536.jpg 1152w, https:\/\/www.lafresca.fm\/f-solosog\/2025\/07\/514374640_1137903258376581_6516288621141275504_n.jpg 1536w\" sizes=\"(max-width: 878px) 100vw, 878px\" \/><\/figure>\n<script>function PlayerjsAsync(){} if(window[\"Playerjs\"]){PlayerjsAsync();}<\/script>","protected":false},"excerpt":{"rendered":"<p>La joven gimnasta ibense Martina Valero Ruiz se ha proclamado campeona de Espa\u00f1a en la especialidad de pelota en el Campeonato de Espa\u00f1a de Equipos Absoluto Iberdrola, celebrado del 26 al 29 de junio en el Palacio de Deportes de Santander. El evento, considerado uno de los m\u00e1s prestigiosos a ...<\/p>\n","protected":false},"author":2,"featured_media":15680,"comment_status":"closed","ping_status":"closed","sticky":false,"template":"","format":"standard","meta":{"_monsterinsights_skip_tracking":false,"_monsterinsights_sitenote_active":false,"_monsterinsights_sitenote_note":"","_monsterinsights_sitenote_category":0,"footnotes":""},"categories":[4],"tags":[128],"class_list":["post-15679","post","type-post","status-publish","format-standard","has-post-thumbnail","hentry","category-alicante","tag-ibi"],"aioseo_notices":[],"_links":{"self":[{"href":"https:\/\/www.lafresca.fm\/fresca-api-json\/wp\/v2\/posts\/15679","targetHints":{"allow":["GET"]}}],"collection":[{"href":"https:\/\/www.lafresca.fm\/fresca-api-json\/wp\/v2\/posts"}],"about":[{"href":"https:\/\/www.lafresca.fm\/fresca-api-json\/wp\/v2\/types\/post"}],"author":[{"embeddable":true,"href":"https:\/\/www.lafresca.fm\/fresca-api-json\/wp\/v2\/users\/2"}],"replies":[{"embeddable":true,"href":"https:\/\/www.lafresca.fm\/fresca-api-json\/wp\/v2\/comments?post=15679"}],"version-history":[{"count":1,"href":"https:\/\/www.lafresca.fm\/fresca-api-json\/wp\/v2\/posts\/15679\/revisions"}],"predecessor-version":[{"id":15681,"href":"https:\/\/www.lafresca.fm\/fresca-api-json\/wp\/v2\/posts\/15679\/revisions\/15681"}],"wp:featuredmedia":[{"embeddable":true,"href":"https:\/\/www.lafresca.fm\/fresca-api-json\/wp\/v2\/media\/15680"}],"wp:attachment":[{"href":"https:\/\/www.lafresca.fm\/fresca-api-json\/wp\/v2\/media?parent=15679"}],"wp:term":[{"taxonomy":"category","embeddable":true,"href":"https:\/\/www.lafresca.fm\/fresca-api-json\/wp\/v2\/categories?post=15679"},{"taxonomy":"post_tag","embeddable":true,"href":"https:\/\/www.lafresca.fm\/fresca-api-json\/wp\/v2\/tags?post=15679"}],"curies":[{"name":"wp","href":"https:\/\/api.w.org\/{rel}","templated":true}]}}