{"id":15682,"date":"2025-07-03T15:09:24","date_gmt":"2025-07-03T13:09:24","guid":{"rendered":"https:\/\/www.lafresca.fm\/?p=15682"},"modified":"2025-07-03T15:09:26","modified_gmt":"2025-07-03T13:09:26","slug":"la-ibense-soraya-perez-carayol-subcampeona-de-espana-de-puzzles-por-equipos-visita-lafresca","status":"publish","type":"post","link":"https:\/\/www.lafresca.fm\/la-ibense-soraya-perez-carayol-subcampeona-de-espana-de-puzzles-por-equipos-visita-lafresca\/","title":{"rendered":"La ibense Soraya P\u00e9rez Carayol, subcampeona de Espa\u00f1a de puzzles por equipos, visita laFRESCA"},"content":{"rendered":"\n<figure class=\"wp-block-audio\"><audio controls src=\"https:\/\/www.lafresca.fm\/f-solosog\/2025\/07\/Enrevista-Soraya-Perez-Carayol-3-6-25.mp3\"><\/audio><\/figure>\n\n\n\n<p><em>La puzlera ha conversado con Rosana Guill sobre su trayectoria y sobre el pr\u00f3ximo II Concurso de Puzzles Rainbow Fest que se celebra este s\u00e1bado en Alicante<\/em><\/p>\n\n\n\n<p>L\u2019Espai ha recibido hoy a la ibense Soraya P\u00e9rez Carayol, apasionada del mundo de los puzzles, que recientemente se ha proclamado subcampeona de Espa\u00f1a por equipos en el 14\u00ba Campeonato de Espa\u00f1a de Puzzles, celebrado los d\u00edas 21 y 22 de junio en Alcal\u00e1 de Henares (Madrid). P\u00e9rez form\u00f3 parte del equipo &#8220;Todos a la Calle&#8221;, que logr\u00f3 una meritoria segunda posici\u00f3n entre decenas de equipos de toda Espa\u00f1a.<\/p>\n\n\n\n<figure class=\"wp-block-image size-large is-resized\"><img fetchpriority=\"high\" decoding=\"async\" width=\"1170\" height=\"878\" src=\"https:\/\/www.lafresca.fm\/f-solosog\/2025\/07\/soraya-perez-3725-1170x878.jpg\" alt=\"\" class=\"wp-image-15684\" style=\"width:753px;height:auto\" srcset=\"https:\/\/www.lafresca.fm\/f-solosog\/2025\/07\/soraya-perez-3725-1170x878.jpg 1170w, https:\/\/www.lafresca.fm\/f-solosog\/2025\/07\/soraya-perez-3725-770x578.jpg 770w, https:\/\/www.lafresca.fm\/f-solosog\/2025\/07\/soraya-perez-3725-768x576.jpg 768w, https:\/\/www.lafresca.fm\/f-solosog\/2025\/07\/soraya-perez-3725-1536x1152.jpg 1536w, https:\/\/www.lafresca.fm\/f-solosog\/2025\/07\/soraya-perez-3725.jpg 2048w\" sizes=\"(max-width: 1170px) 100vw, 1170px\" \/><\/figure>\n\n\n\n<p>Durante la entrevista con Rosana, Soraya ha compartido c\u00f3mo fueron sus inicios en este apasionante mundo, su evoluci\u00f3n como puzlera y el compa\u00f1erismo que se respira en las competiciones. &#8220;Empec\u00e9 haciendo puzzles en casa por puro entretenimiento, y poco a poco me fui enganchando hasta dar el salto a los campeonatos&#8221;, ha explicado.<\/p>\n\n\n\n<p>Adem\u00e1s, nos ha hablado del pr\u00f3ximo reto que tiene por delante: el <strong>II Concurso de Puzzles Rainbow Fest<\/strong>, que se celebrar\u00e1 este s\u00e1bado 5 de julio en el Hotel NH de Alicante. Un evento que combina la pasi\u00f3n por los puzzles con el ambiente inclusivo y festivo del Rainbow Fest, y que espera reunir a numerosos aficionados de todas las edades y niveles.<\/p>\n\n\n\n<p>Soraya P\u00e9rez Carayol se consolida como una de las figuras destacadas del panorama puzlero nacional, llevando el nombre de Ibi a lo m\u00e1s alto en cada competici\u00f3n.<\/p>\n<script>function PlayerjsAsync(){} if(window[\"Playerjs\"]){PlayerjsAsync();}<\/script>","protected":false},"excerpt":{"rendered":"<p>La puzlera ha conversado con Rosana Guill sobre su trayectoria y sobre el pr\u00f3ximo II Concurso de Puzzles Rainbow Fest que se celebra este s\u00e1bado en Alicante L\u2019Espai ha recibido hoy a la ibense Soraya P\u00e9rez Carayol, apasionada del mundo de los puzzles, que recientemente se ha proclamado subcampeona de ...<\/p>\n","protected":false},"author":2,"featured_media":15684,"comment_status":"closed","ping_status":"closed","sticky":false,"template":"","format":"standard","meta":{"_monsterinsights_skip_tracking":false,"_monsterinsights_sitenote_active":false,"_monsterinsights_sitenote_note":"","_monsterinsights_sitenote_category":0,"footnotes":""},"categories":[4],"tags":[128],"class_list":["post-15682","post","type-post","status-publish","format-standard","has-post-thumbnail","hentry","category-alicante","tag-ibi"],"aioseo_notices":[],"_links":{"self":[{"href":"https:\/\/www.lafresca.fm\/fresca-api-json\/wp\/v2\/posts\/15682","targetHints":{"allow":["GET"]}}],"collection":[{"href":"https:\/\/www.lafresca.fm\/fresca-api-json\/wp\/v2\/posts"}],"about":[{"href":"https:\/\/www.lafresca.fm\/fresca-api-json\/wp\/v2\/types\/post"}],"author":[{"embeddable":true,"href":"https:\/\/www.lafresca.fm\/fresca-api-json\/wp\/v2\/users\/2"}],"replies":[{"embeddable":true,"href":"https:\/\/www.lafresca.fm\/fresca-api-json\/wp\/v2\/comments?post=15682"}],"version-history":[{"count":1,"href":"https:\/\/www.lafresca.fm\/fresca-api-json\/wp\/v2\/posts\/15682\/revisions"}],"predecessor-version":[{"id":15685,"href":"https:\/\/www.lafresca.fm\/fresca-api-json\/wp\/v2\/posts\/15682\/revisions\/15685"}],"wp:featuredmedia":[{"embeddable":true,"href":"https:\/\/www.lafresca.fm\/fresca-api-json\/wp\/v2\/media\/15684"}],"wp:attachment":[{"href":"https:\/\/www.lafresca.fm\/fresca-api-json\/wp\/v2\/media?parent=15682"}],"wp:term":[{"taxonomy":"category","embeddable":true,"href":"https:\/\/www.lafresca.fm\/fresca-api-json\/wp\/v2\/categories?post=15682"},{"taxonomy":"post_tag","embeddable":true,"href":"https:\/\/www.lafresca.fm\/fresca-api-json\/wp\/v2\/tags?post=15682"}],"curies":[{"name":"wp","href":"https:\/\/api.w.org\/{rel}","templated":true}]}}