{"id":15686,"date":"2025-07-03T15:18:34","date_gmt":"2025-07-03T13:18:34","guid":{"rendered":"https:\/\/www.lafresca.fm\/?p=15686"},"modified":"2025-07-03T15:18:36","modified_gmt":"2025-07-03T13:18:36","slug":"vecinos-del-casco-antiguo-de-onil-piden-participacion-en-la-gestion-del-patrimonio-local","status":"publish","type":"post","link":"https:\/\/www.lafresca.fm\/vecinos-del-casco-antiguo-de-onil-piden-participacion-en-la-gestion-del-patrimonio-local\/","title":{"rendered":"&#8220;Vecinos del Casco Antiguo de Onil piden participaci\u00f3n en la gesti\u00f3n del patrimonio local&#8221;"},"content":{"rendered":"\n<figure class=\"wp-block-audio\"><audio controls src=\"https:\/\/www.lafresca.fm\/f-solosog\/2025\/07\/Enrevista-Casc-Antic-Onil-3-7-25.mp3\"><\/audio><\/figure>\n\n\n\n<p><em>Gilbert Beneito y Jes\u00fas Gil trasladan sus reivindicaciones sobre la conservaci\u00f3n, rehabilitaci\u00f3n y dinamizaci\u00f3n del casco hist\u00f3rico colivenc<\/em><\/p>\n\n\n\n<p>Hoy en <em>L\u2019Espai<\/em>, Rosana Guill ha conversado con Gilbert Beneito y Jes\u00fas Gil, representantes de la <strong>Asociaci\u00f3n del Casco Antiguo de Onil<\/strong>, quienes han expuesto las necesidades urgentes del barrio m\u00e1s emblem\u00e1tico del municipio y han reclamado mayor implicaci\u00f3n por parte del Ayuntamiento.<\/p>\n\n\n\n<p>Ambos han destacado la importancia de <strong>mantener vivo el casco hist\u00f3rico<\/strong>, no solo como patrimonio arquitect\u00f3nico y cultural, sino tambi\u00e9n como un espacio habitado y activo. &#8220;Queremos que nuestras calles sigan teniendo vida, que no se conviertan en un decorado vac\u00edo&#8221;, han se\u00f1alado durante la entrevista.<\/p>\n\n\n\n<figure class=\"wp-block-image size-large\"><img fetchpriority=\"high\" decoding=\"async\" width=\"1170\" height=\"878\" src=\"https:\/\/www.lafresca.fm\/f-solosog\/2025\/07\/Cas-antic-onil-3-7-25-1170x878.jpg\" alt=\"\" class=\"wp-image-15687\" srcset=\"https:\/\/www.lafresca.fm\/f-solosog\/2025\/07\/Cas-antic-onil-3-7-25-1170x878.jpg 1170w, https:\/\/www.lafresca.fm\/f-solosog\/2025\/07\/Cas-antic-onil-3-7-25-770x578.jpg 770w, https:\/\/www.lafresca.fm\/f-solosog\/2025\/07\/Cas-antic-onil-3-7-25-768x576.jpg 768w, https:\/\/www.lafresca.fm\/f-solosog\/2025\/07\/Cas-antic-onil-3-7-25-1536x1152.jpg 1536w, https:\/\/www.lafresca.fm\/f-solosog\/2025\/07\/Cas-antic-onil-3-7-25.jpg 2048w\" sizes=\"(max-width: 1170px) 100vw, 1170px\" \/><\/figure>\n\n\n\n<p>Entre las principales reivindicaciones, han hecho especial hincapi\u00e9 en la <strong>rehabilitaci\u00f3n de calles<\/strong>, el impulso a la <strong>actividad social y cultural<\/strong> en la zona y, sobre todo, en la necesidad de que el consistorio <strong>cuente con la Asociaci\u00f3n<\/strong> en decisiones que afectan directamente al barrio. Un ejemplo claro, han dicho, son las <strong>obras del edificio del P\u00f2sit<\/strong>, el <strong>Monasterio de Montserrat<\/strong> o la planificaci\u00f3n de eventos en el centro hist\u00f3rico.<\/p>\n\n\n\n<p>&#8220;Las decisiones que se toman desde el Ayuntamiento no siempre tienen en cuenta la realidad diaria de quienes vivimos aqu\u00ed. Solo pedimos di\u00e1logo, colaboraci\u00f3n y respeto por el entorno y sus vecinos&#8221;, han remarcado Beneito y Gil.<\/p>\n\n\n\n<p>Desde la Asociaci\u00f3n insisten en que est\u00e1n abiertos a colaborar, proponer y trabajar por un casco antiguo cuidado, habitable y din\u00e1mico, pero necesitan ser escuchados: \u201cQueremos ser parte de las decisiones, no enterarnos cuando ya est\u00e1n tomadas\u201d.<\/p>\n<script>function PlayerjsAsync(){} if(window[\"Playerjs\"]){PlayerjsAsync();}<\/script>","protected":false},"excerpt":{"rendered":"<p>Gilbert Beneito y Jes\u00fas Gil trasladan sus reivindicaciones sobre la conservaci\u00f3n, rehabilitaci\u00f3n y dinamizaci\u00f3n del casco hist\u00f3rico colivenc Hoy en L\u2019Espai, Rosana Guill ha conversado con Gilbert Beneito y Jes\u00fas Gil, representantes de la Asociaci\u00f3n del Casco Antiguo de Onil, quienes han expuesto las necesidades urgentes del barrio m\u00e1s emblem\u00e1tico ...<\/p>\n","protected":false},"author":2,"featured_media":15687,"comment_status":"closed","ping_status":"closed","sticky":false,"template":"","format":"standard","meta":{"_monsterinsights_skip_tracking":false,"_monsterinsights_sitenote_active":false,"_monsterinsights_sitenote_note":"","_monsterinsights_sitenote_category":0,"footnotes":""},"categories":[4],"tags":[858,472,133],"class_list":["post-15686","post","type-post","status-publish","format-standard","has-post-thumbnail","hentry","category-alicante","tag-casco-historico-onil","tag-lespai","tag-onil"],"aioseo_notices":[],"_links":{"self":[{"href":"https:\/\/www.lafresca.fm\/fresca-api-json\/wp\/v2\/posts\/15686","targetHints":{"allow":["GET"]}}],"collection":[{"href":"https:\/\/www.lafresca.fm\/fresca-api-json\/wp\/v2\/posts"}],"about":[{"href":"https:\/\/www.lafresca.fm\/fresca-api-json\/wp\/v2\/types\/post"}],"author":[{"embeddable":true,"href":"https:\/\/www.lafresca.fm\/fresca-api-json\/wp\/v2\/users\/2"}],"replies":[{"embeddable":true,"href":"https:\/\/www.lafresca.fm\/fresca-api-json\/wp\/v2\/comments?post=15686"}],"version-history":[{"count":1,"href":"https:\/\/www.lafresca.fm\/fresca-api-json\/wp\/v2\/posts\/15686\/revisions"}],"predecessor-version":[{"id":15689,"href":"https:\/\/www.lafresca.fm\/fresca-api-json\/wp\/v2\/posts\/15686\/revisions\/15689"}],"wp:featuredmedia":[{"embeddable":true,"href":"https:\/\/www.lafresca.fm\/fresca-api-json\/wp\/v2\/media\/15687"}],"wp:attachment":[{"href":"https:\/\/www.lafresca.fm\/fresca-api-json\/wp\/v2\/media?parent=15686"}],"wp:term":[{"taxonomy":"category","embeddable":true,"href":"https:\/\/www.lafresca.fm\/fresca-api-json\/wp\/v2\/categories?post=15686"},{"taxonomy":"post_tag","embeddable":true,"href":"https:\/\/www.lafresca.fm\/fresca-api-json\/wp\/v2\/tags?post=15686"}],"curies":[{"name":"wp","href":"https:\/\/api.w.org\/{rel}","templated":true}]}}