{"id":15690,"date":"2025-07-03T15:23:25","date_gmt":"2025-07-03T13:23:25","guid":{"rendered":"https:\/\/www.lafresca.fm\/?p=15690"},"modified":"2025-07-03T15:23:28","modified_gmt":"2025-07-03T13:23:28","slug":"onil-refuerza-su-estrategia-contra-la-ocupacion-ilegal-de-viviendas-con-una-campana-de-seguridad-ciudadana","status":"publish","type":"post","link":"https:\/\/www.lafresca.fm\/onil-refuerza-su-estrategia-contra-la-ocupacion-ilegal-de-viviendas-con-una-campana-de-seguridad-ciudadana\/","title":{"rendered":"Onil refuerza su estrategia contra la ocupaci\u00f3n ilegal de viviendas con una campa\u00f1a de seguridad ciudadana"},"content":{"rendered":"\n<p><em>El Ayuntamiento destaca los buenos resultados de \u201cProtege tu hogar. Protegemos Onil\u201d e intensificar\u00e1 las medidas preventivas ante el repunte de casos<\/em><\/p>\n\n\n\n<p>El Ayuntamiento de Onil, a trav\u00e9s de la Jefatura de la Polic\u00eda Local, ha presentado los resultados de la campa\u00f1a de seguridad ciudadana <strong>\u201cProtege tu hogar. Protegemos Onil\u201d<\/strong>, una iniciativa puesta en marcha para prevenir la ocupaci\u00f3n ilegal de viviendas, mejorar la coordinaci\u00f3n entre cuerpos de seguridad y promover la colaboraci\u00f3n vecinal.<\/p>\n\n\n\n<p>La campa\u00f1a se ha desarrollado durante m\u00e1s de un a\u00f1o y ha sido impulsada tras detectarse un <strong>incremento del 300% en el n\u00famero de viviendas ocupadas<\/strong>, pasando de <strong>una en abril de 2024 a cuatro en junio de 2025<\/strong>. Aunque la cifra a\u00fan no representa un problema estructural, el consistorio ha decidido reforzar la vigilancia y las medidas preventivas.<\/p>\n\n\n\n<figure class=\"wp-block-image size-large\"><img fetchpriority=\"high\" decoding=\"async\" width=\"1170\" height=\"658\" src=\"https:\/\/www.lafresca.fm\/f-solosog\/2025\/07\/WhatsApp-Image-2025-07-03-at-13.13.39-1170x658.jpeg\" alt=\"\" class=\"wp-image-15691\" srcset=\"https:\/\/www.lafresca.fm\/f-solosog\/2025\/07\/WhatsApp-Image-2025-07-03-at-13.13.39-1170x658.jpeg 1170w, https:\/\/www.lafresca.fm\/f-solosog\/2025\/07\/WhatsApp-Image-2025-07-03-at-13.13.39-770x433.jpeg 770w, https:\/\/www.lafresca.fm\/f-solosog\/2025\/07\/WhatsApp-Image-2025-07-03-at-13.13.39-768x432.jpeg 768w, https:\/\/www.lafresca.fm\/f-solosog\/2025\/07\/WhatsApp-Image-2025-07-03-at-13.13.39-1536x864.jpeg 1536w, https:\/\/www.lafresca.fm\/f-solosog\/2025\/07\/WhatsApp-Image-2025-07-03-at-13.13.39.jpeg 1600w\" sizes=\"(max-width: 1170px) 100vw, 1170px\" \/><\/figure>\n\n\n\n<h3 class=\"wp-block-heading\">Detecci\u00f3n temprana y colaboraci\u00f3n vecinal<\/h3>\n\n\n\n<p>Las viviendas ocupadas ilegalmente en este periodo pertenecen principalmente a <strong>entidades financieras<\/strong>, localizadas en calles como <strong>Arrabal, Valencia<\/strong> y una partida rural. A ello se suman <strong>dos casos de \u201cinquiokupaci\u00f3n\u201d<\/strong> (ocupaci\u00f3n tras impago o finalizaci\u00f3n de contrato de alquiler) en propiedades particulares de las calles <strong>Santa Cecilia y Federico Garc\u00eda Lorca<\/strong>.<\/p>\n\n\n\n<p>Todos los casos han sido detectados gracias al aviso de vecinos, lo que demuestra \u2014seg\u00fan el Ayuntamiento\u2014 \u201cla eficacia del trabajo conjunto entre ciudadan\u00eda y Polic\u00eda Local\u201d.<\/p>\n\n\n\n<h3 class=\"wp-block-heading\">Actuaciones destacadas<\/h3>\n\n\n\n<p>Durante la campa\u00f1a, la Polic\u00eda Local ha ejecutado <strong>52 servicios de vigilancia preventiva<\/strong> en zonas vulnerables y viviendas censadas voluntariamente. Tambi\u00e9n se han atendido <strong>20 llamadas vecinales<\/strong> y se han tramitado <strong>7 denuncias judiciales<\/strong> por defraudaci\u00f3n de fluido el\u00e9ctrico y agua.<\/p>\n\n\n\n<p>Entre las intervenciones m\u00e1s destacadas:<\/p>\n\n\n\n<ul class=\"wp-block-list\">\n<li><strong>Detenci\u00f3n de un individuo<\/strong> por atentado a la autoridad en una intervenci\u00f3n.<\/li>\n\n\n\n<li><strong>Evitaci\u00f3n de una ocupaci\u00f3n ilegal<\/strong> en la calle Doctor Salcedo, en colaboraci\u00f3n con la Guardia Civil.<\/li>\n\n\n\n<li><strong>Recuperaci\u00f3n de dos viviendas<\/strong> ocupadas en las calles Tormito y Valencia, devueltas sin incidentes a sus propietarios.<\/li>\n<\/ul>\n\n\n\n<p>Adem\u00e1s, se ha actuado en casos de <strong>robos, amenazas, enganches ilegales, altercados vecinales y problemas de salubridad<\/strong>, confirmando el impacto social que generan estas situaciones.<\/p>\n\n\n\n<h3 class=\"wp-block-heading\">Medidas de prevenci\u00f3n<\/h3>\n\n\n\n<p>La campa\u00f1a tambi\u00e9n ha incluido:<\/p>\n\n\n\n<ul class=\"wp-block-list\">\n<li>La elaboraci\u00f3n de un <strong>censo voluntario de viviendas deshabitadas<\/strong>.<\/li>\n\n\n\n<li>Refuerzo del <strong>patrullaje preventivo<\/strong>.<\/li>\n\n\n\n<li>Difusi\u00f3n de <strong>informaci\u00f3n y recomendaciones<\/strong> para prevenir ocupaciones.<\/li>\n<\/ul>\n\n\n\n<p>Desde la <strong>Jefatura de Polic\u00eda Local<\/strong>, el inspector jefe <strong>Antonio Palaz\u00f3n<\/strong> ha valorado positivamente la iniciativa, subrayando que \u201cha permitido establecer una estructura s\u00f3lida de prevenci\u00f3n, mejorar la coordinaci\u00f3n interinstitucional y fortalecer el v\u00ednculo entre vecinos y cuerpos de seguridad\u201d.<\/p>\n\n\n\n<p>Palaz\u00f3n ha advertido tambi\u00e9n de la posible existencia de un <strong>grupo familiar organizado con \u00e1nimo de lucro<\/strong>, por lo que se continuar\u00e1 vigilando posibles movimientos e intentos de ocupaci\u00f3n en el municipio.<\/p>\n\n\n\n<h3 class=\"wp-block-heading\">Compromiso de continuidad<\/h3>\n\n\n\n<p>Ante la tendencia creciente y los conflictos derivados, el Ayuntamiento de Onil estudia <strong>renovar y ampliar la campa\u00f1a en los pr\u00f3ximos meses<\/strong>, reafirmando su compromiso con la seguridad, la legalidad y la convivencia vecinal.<\/p>\n<script>function PlayerjsAsync(){} if(window[\"Playerjs\"]){PlayerjsAsync();}<\/script>","protected":false},"excerpt":{"rendered":"<p>El Ayuntamiento destaca los buenos resultados de \u201cProtege tu hogar. Protegemos Onil\u201d e intensificar\u00e1 las medidas preventivas ante el repunte de casos El Ayuntamiento de Onil, a trav\u00e9s de la Jefatura de la Polic\u00eda Local, ha presentado los resultados de la campa\u00f1a de seguridad ciudadana \u201cProtege tu hogar. Protegemos Onil\u201d, ...<\/p>\n","protected":false},"author":2,"featured_media":15691,"comment_status":"closed","ping_status":"closed","sticky":false,"template":"","format":"standard","meta":{"_monsterinsights_skip_tracking":false,"_monsterinsights_sitenote_active":false,"_monsterinsights_sitenote_note":"","_monsterinsights_sitenote_category":0,"footnotes":""},"categories":[4],"tags":[133],"class_list":["post-15690","post","type-post","status-publish","format-standard","has-post-thumbnail","hentry","category-alicante","tag-onil"],"aioseo_notices":[],"_links":{"self":[{"href":"https:\/\/www.lafresca.fm\/fresca-api-json\/wp\/v2\/posts\/15690","targetHints":{"allow":["GET"]}}],"collection":[{"href":"https:\/\/www.lafresca.fm\/fresca-api-json\/wp\/v2\/posts"}],"about":[{"href":"https:\/\/www.lafresca.fm\/fresca-api-json\/wp\/v2\/types\/post"}],"author":[{"embeddable":true,"href":"https:\/\/www.lafresca.fm\/fresca-api-json\/wp\/v2\/users\/2"}],"replies":[{"embeddable":true,"href":"https:\/\/www.lafresca.fm\/fresca-api-json\/wp\/v2\/comments?post=15690"}],"version-history":[{"count":1,"href":"https:\/\/www.lafresca.fm\/fresca-api-json\/wp\/v2\/posts\/15690\/revisions"}],"predecessor-version":[{"id":15692,"href":"https:\/\/www.lafresca.fm\/fresca-api-json\/wp\/v2\/posts\/15690\/revisions\/15692"}],"wp:featuredmedia":[{"embeddable":true,"href":"https:\/\/www.lafresca.fm\/fresca-api-json\/wp\/v2\/media\/15691"}],"wp:attachment":[{"href":"https:\/\/www.lafresca.fm\/fresca-api-json\/wp\/v2\/media?parent=15690"}],"wp:term":[{"taxonomy":"category","embeddable":true,"href":"https:\/\/www.lafresca.fm\/fresca-api-json\/wp\/v2\/categories?post=15690"},{"taxonomy":"post_tag","embeddable":true,"href":"https:\/\/www.lafresca.fm\/fresca-api-json\/wp\/v2\/tags?post=15690"}],"curies":[{"name":"wp","href":"https:\/\/api.w.org\/{rel}","templated":true}]}}