{"id":15693,"date":"2025-07-03T17:45:16","date_gmt":"2025-07-03T15:45:16","guid":{"rendered":"https:\/\/www.lafresca.fm\/?p=15693"},"modified":"2025-07-03T17:50:42","modified_gmt":"2025-07-03T15:50:42","slug":"la-comision-de-fiestas-de-ibi-dimitira-el-9-de-julio-ante-el-bloqueo-institucional-y-la-falta-de-financiacion-del-ayuntamiento","status":"publish","type":"post","link":"https:\/\/www.lafresca.fm\/la-comision-de-fiestas-de-ibi-dimitira-el-9-de-julio-ante-el-bloqueo-institucional-y-la-falta-de-financiacion-del-ayuntamiento\/","title":{"rendered":"La Comisi\u00f3n de Fiestas de Ibi dimitir\u00e1 el 9 de julio ante el bloqueo institucional y la falta de financiaci\u00f3n del ayuntamiento"},"content":{"rendered":"\n<p>La Junta Directiva de la Comisi\u00f3n de Fiestas y la Junta de Presidentes, reunidas el pasado mi\u00e9rcoles 2 de julio, han acordado por unanimidad presentar su dimisi\u00f3n el pr\u00f3ximo 9 de julio. La decisi\u00f3n, calificada como &#8220;dolorosa pero inevitable&#8221;, se produce ante la imposibilidad de organizar las pr\u00f3ximas Fiestas por la falta de recursos econ\u00f3micos y el bloqueo institucional.<\/p>\n\n\n\n<figure class=\"wp-block-image size-full is-resized\"><img fetchpriority=\"high\" decoding=\"async\" width=\"760\" height=\"606\" src=\"https:\/\/www.lafresca.fm\/f-solosog\/2025\/07\/cats1.jpg\" alt=\"\" class=\"wp-image-15695\" style=\"width:535px;height:auto\"\/><\/figure>\n\n\n\n<p>Seg\u00fan han comunicado en una nota oficial, a fecha de hoy la Comisi\u00f3n sigue sin haber recibido el ingreso correspondiente a la subvenci\u00f3n municipal, un hecho que impide por completo la correcta planificaci\u00f3n, contrataci\u00f3n y ejecuci\u00f3n de los actos festivos. Esta situaci\u00f3n, aseguran, ha hecho inviable continuar con su labor.<\/p>\n\n\n\n<p>Durante la reuni\u00f3n estuvo presente la Concejala de Fiestas, quien, pese a ser conocedora de la urgencia, no pudo ofrecer ninguna fecha concreta ni compromiso respecto al pago de la subvenci\u00f3n. La Comisi\u00f3n lamenta profundamente la falta de respuestas y de voluntad pol\u00edtica para solucionar un problema que arrastran desde hace meses y que ha motivado numerosas solicitudes y reuniones sin \u00e9xito.<\/p>\n\n\n\n<p>La crisis se ve agravada por el hecho de que varias comparsas todav\u00eda tienen pendientes de cobro hasta dos o incluso tres subvenciones municipales, lo que ha generado una situaci\u00f3n de asfixia econ\u00f3mica generalizada entre los colectivos festeros.<\/p>\n\n\n\n<p>&#8220;La Comisi\u00f3n de Fiestas act\u00faa por delegaci\u00f3n del Ayuntamiento, pero no puede asumir responsabilidades que no le corresponden ni cargar con las consecuencias de una gesti\u00f3n que no depende de ella&#8221;, se\u00f1alan en su comunicado. &#8220;Organizar unas fiestas con dignidad y respeto a la tradici\u00f3n requiere medios, plazos y compromiso institucional. Nada de eso se ha garantizado.&#8221;<\/p>\n\n\n\n<p>Desde la Federaci\u00f3n de Comparsas Moros y Cristianos de Ibi se ha querido agradecer el apoyo constante de festeros, comparsas, entidades colaboradoras y ciudadan\u00eda, al tiempo que se pide comprensi\u00f3n y respeto ante esta decisi\u00f3n.<\/p>\n\n\n\n<p>&#8220;Nuestra labor siempre ha sido voluntaria, altruista y movida por el amor a nuestras fiestas y a nuestro pueblo&#8221;, concluyen. &#8220;Lamentamos profundamente que no se valore ni se respalde como merece.&#8221;<\/p>\n\n\n\n<figure class=\"wp-block-image size-large\"><img decoding=\"async\" width=\"1170\" height=\"936\" src=\"https:\/\/www.lafresca.fm\/f-solosog\/2025\/07\/foto-equipo-comision-de-fiestas-ibi-2025-1170x936.jpg\" alt=\"\" class=\"wp-image-15697\" srcset=\"https:\/\/www.lafresca.fm\/f-solosog\/2025\/07\/foto-equipo-comision-de-fiestas-ibi-2025-1170x936.jpg 1170w, https:\/\/www.lafresca.fm\/f-solosog\/2025\/07\/foto-equipo-comision-de-fiestas-ibi-2025-770x616.jpg 770w, https:\/\/www.lafresca.fm\/f-solosog\/2025\/07\/foto-equipo-comision-de-fiestas-ibi-2025-768x614.jpg 768w, https:\/\/www.lafresca.fm\/f-solosog\/2025\/07\/foto-equipo-comision-de-fiestas-ibi-2025-1536x1229.jpg 1536w, https:\/\/www.lafresca.fm\/f-solosog\/2025\/07\/foto-equipo-comision-de-fiestas-ibi-2025-2048x1638.jpg 2048w\" sizes=\"(max-width: 1170px) 100vw, 1170px\" \/><\/figure>\n<script>function PlayerjsAsync(){} if(window[\"Playerjs\"]){PlayerjsAsync();}<\/script>","protected":false},"excerpt":{"rendered":"<p>La Junta Directiva de la Comisi\u00f3n de Fiestas y la Junta de Presidentes, reunidas el pasado mi\u00e9rcoles 2 de julio, han acordado por unanimidad presentar su dimisi\u00f3n el pr\u00f3ximo 9 de julio. La decisi\u00f3n, calificada como &#8220;dolorosa pero inevitable&#8221;, se produce ante la imposibilidad de organizar las pr\u00f3ximas Fiestas por ...<\/p>\n","protected":false},"author":2,"featured_media":15697,"comment_status":"closed","ping_status":"closed","sticky":false,"template":"","format":"standard","meta":{"_monsterinsights_skip_tracking":false,"_monsterinsights_sitenote_active":false,"_monsterinsights_sitenote_note":"","_monsterinsights_sitenote_category":0,"footnotes":""},"categories":[4],"tags":[128],"class_list":["post-15693","post","type-post","status-publish","format-standard","has-post-thumbnail","hentry","category-alicante","tag-ibi"],"aioseo_notices":[],"_links":{"self":[{"href":"https:\/\/www.lafresca.fm\/fresca-api-json\/wp\/v2\/posts\/15693","targetHints":{"allow":["GET"]}}],"collection":[{"href":"https:\/\/www.lafresca.fm\/fresca-api-json\/wp\/v2\/posts"}],"about":[{"href":"https:\/\/www.lafresca.fm\/fresca-api-json\/wp\/v2\/types\/post"}],"author":[{"embeddable":true,"href":"https:\/\/www.lafresca.fm\/fresca-api-json\/wp\/v2\/users\/2"}],"replies":[{"embeddable":true,"href":"https:\/\/www.lafresca.fm\/fresca-api-json\/wp\/v2\/comments?post=15693"}],"version-history":[{"count":3,"href":"https:\/\/www.lafresca.fm\/fresca-api-json\/wp\/v2\/posts\/15693\/revisions"}],"predecessor-version":[{"id":15700,"href":"https:\/\/www.lafresca.fm\/fresca-api-json\/wp\/v2\/posts\/15693\/revisions\/15700"}],"wp:featuredmedia":[{"embeddable":true,"href":"https:\/\/www.lafresca.fm\/fresca-api-json\/wp\/v2\/media\/15697"}],"wp:attachment":[{"href":"https:\/\/www.lafresca.fm\/fresca-api-json\/wp\/v2\/media?parent=15693"}],"wp:term":[{"taxonomy":"category","embeddable":true,"href":"https:\/\/www.lafresca.fm\/fresca-api-json\/wp\/v2\/categories?post=15693"},{"taxonomy":"post_tag","embeddable":true,"href":"https:\/\/www.lafresca.fm\/fresca-api-json\/wp\/v2\/tags?post=15693"}],"curies":[{"name":"wp","href":"https:\/\/api.w.org\/{rel}","templated":true}]}}