{"id":15705,"date":"2025-07-06T12:35:03","date_gmt":"2025-07-06T10:35:03","guid":{"rendered":"https:\/\/www.lafresca.fm\/?p=15705"},"modified":"2025-07-07T11:59:33","modified_gmt":"2025-07-07T09:59:33","slug":"los-ibenses-tara-y-danza-fusion-p13-fit-kids-ganan-el-onil-talent-2025-en-una-gala-llena-de-emocion-y-talento","status":"publish","type":"post","link":"https:\/\/www.lafresca.fm\/los-ibenses-tara-y-danza-fusion-p13-fit-kids-ganan-el-onil-talent-2025-en-una-gala-llena-de-emocion-y-talento\/","title":{"rendered":"Los ibenses Tara y Danza Fusi\u00f3n P13 Fit Kids ganan el Onil Talent 2025 en una gala llena de emoci\u00f3n y talento"},"content":{"rendered":"\n<p>El auditorio del Centro Cultural de Onil se llenaba este s\u00e1bado 5 de julio para acoger la gran final del <strong>Onil Talent 2025<\/strong>, un certamen que volvi\u00f3 a demostrar el enorme talento art\u00edstico de la comarca en una noche inolvidable.<\/p>\n\n\n\n<p>La gala, organizada por el <strong>Ayuntamiento de Onil<\/strong> con la colaboraci\u00f3n de <strong>laFRESCA<\/strong>, estuvo presentada con gran dinamismo por <strong>Vera y Miguel \u00c1ngel<\/strong>, quienes guiaron al p\u00fablico a trav\u00e9s de una velada llena de m\u00fasica, danza y emociones.<\/p>\n\n\n\n<p>En la <strong>categor\u00eda de m\u00fasica<\/strong>, el grupo ibense <strong>Tara<\/strong> se alz\u00f3 con el primer premio tras una actuaci\u00f3n muy aplaudida. Por su parte, en la <strong>categor\u00eda de danza<\/strong>, el reconocimiento fue para el grupo <strong>Danza Fusi\u00f3n P13 Kids<\/strong>, que destac\u00f3 por su energ\u00eda y puesta en escena. Ambos ganadores recibieron un premio de <strong>500 euros<\/strong>.<\/p>\n\n\n\n<figure class=\"wp-block-image size-large\"><img fetchpriority=\"high\" decoding=\"async\" width=\"1170\" height=\"878\" src=\"https:\/\/www.lafresca.fm\/f-solosog\/2025\/07\/87ba558e-0578-4d66-89c2-f2216f189c46-1170x878.jpeg\" alt=\"\" class=\"wp-image-15706\" srcset=\"https:\/\/www.lafresca.fm\/f-solosog\/2025\/07\/87ba558e-0578-4d66-89c2-f2216f189c46-1170x878.jpeg 1170w, https:\/\/www.lafresca.fm\/f-solosog\/2025\/07\/87ba558e-0578-4d66-89c2-f2216f189c46-770x578.jpeg 770w, https:\/\/www.lafresca.fm\/f-solosog\/2025\/07\/87ba558e-0578-4d66-89c2-f2216f189c46-768x576.jpeg 768w, https:\/\/www.lafresca.fm\/f-solosog\/2025\/07\/87ba558e-0578-4d66-89c2-f2216f189c46-1536x1152.jpeg 1536w, https:\/\/www.lafresca.fm\/f-solosog\/2025\/07\/87ba558e-0578-4d66-89c2-f2216f189c46.jpeg 1600w\" sizes=\"(max-width: 1170px) 100vw, 1170px\" \/><\/figure>\n\n\n\n<p>La gala cont\u00f3 con la participaci\u00f3n de otros artistas destacados en la secci\u00f3n musical como <strong>Kilme<\/strong>, <strong>Gorka<\/strong>, <strong>Andrea Armero<\/strong> y <strong>Paula Mu\u00f1oz<\/strong>. En danza, el escenario cont\u00f3 con las actuaciones de <strong>DF Dance<\/strong>, <strong>DF Liycals<\/strong> y <strong>Urban Dance<\/strong>, que demostraron un nivel art\u00edstico alt\u00edsimo, lo que puso muy dif\u00edcil la decisi\u00f3n final al jurado.<\/p>\n\n\n\n<figure class=\"wp-block-image size-full\"><img decoding=\"async\" width=\"676\" height=\"560\" src=\"https:\/\/www.lafresca.fm\/f-solosog\/2025\/07\/Captura.png\" alt=\"\" class=\"wp-image-15713\"\/><\/figure>\n\n\n\n<p><strong>Ra\u00fal Blaya y \u00d3scar Mart\u00ednez del grupo Tara, ganadores en la categor\u00eda Musical.<\/strong> <\/p>\n\n\n\n<figure class=\"wp-block-image size-large is-resized\"><img decoding=\"async\" width=\"1170\" height=\"878\" src=\"https:\/\/www.lafresca.fm\/f-solosog\/2025\/07\/a6d79541-8e0f-49b7-8042-d3fed1d464d7-1170x878.jpeg\" alt=\"\" class=\"wp-image-15707\" style=\"width:682px;height:auto\" srcset=\"https:\/\/www.lafresca.fm\/f-solosog\/2025\/07\/a6d79541-8e0f-49b7-8042-d3fed1d464d7-1170x878.jpeg 1170w, https:\/\/www.lafresca.fm\/f-solosog\/2025\/07\/a6d79541-8e0f-49b7-8042-d3fed1d464d7-770x578.jpeg 770w, https:\/\/www.lafresca.fm\/f-solosog\/2025\/07\/a6d79541-8e0f-49b7-8042-d3fed1d464d7-768x576.jpeg 768w, https:\/\/www.lafresca.fm\/f-solosog\/2025\/07\/a6d79541-8e0f-49b7-8042-d3fed1d464d7-1536x1153.jpeg 1536w, https:\/\/www.lafresca.fm\/f-solosog\/2025\/07\/a6d79541-8e0f-49b7-8042-d3fed1d464d7.jpeg 1600w\" sizes=\"(max-width: 1170px) 100vw, 1170px\" \/><\/figure>\n\n\n\n<p><strong>Danza Fusi\u00f3n P13 Fit Kids, ganadoras en la categor\u00eda Danza, junto a sus compa\u00f1eras de baile.<\/strong><\/p>\n\n\n\n<p>Como colof\u00f3n, el p\u00fablico pudo disfrutar de la actuaci\u00f3n del cantante y compositor <strong>\u00d3scar Ballester<\/strong>, artista invitado de la noche, que cerr\u00f3 el evento con una actuaci\u00f3n muy celebrada por los asistentes. <\/p>\n\n\n\n<p>El <strong>Onil Talent 2025<\/strong> consolida su apuesta por visibilizar y apoyar a j\u00f3venes promesas del arte esc\u00e9nico, confirm\u00e1ndose como uno de los concursos culturales m\u00e1s relevantes de la zona.<\/p>\n<script>function PlayerjsAsync(){} if(window[\"Playerjs\"]){PlayerjsAsync();}<\/script>","protected":false},"excerpt":{"rendered":"<p>El auditorio del Centro Cultural de Onil se llenaba este s\u00e1bado 5 de julio para acoger la gran final del Onil Talent 2025, un certamen que volvi\u00f3 a demostrar el enorme talento art\u00edstico de la comarca en una noche inolvidable. La gala, organizada por el Ayuntamiento de Onil con la ...<\/p>\n","protected":false},"author":2,"featured_media":15706,"comment_status":"closed","ping_status":"closed","sticky":false,"template":"","format":"standard","meta":{"_monsterinsights_skip_tracking":false,"_monsterinsights_sitenote_active":false,"_monsterinsights_sitenote_note":"","_monsterinsights_sitenote_category":0,"footnotes":""},"categories":[4],"tags":[133,838,820],"class_list":["post-15705","post","type-post","status-publish","format-standard","has-post-thumbnail","hentry","category-alicante","tag-onil","tag-onil-talent","tag-tara"],"aioseo_notices":[],"_links":{"self":[{"href":"https:\/\/www.lafresca.fm\/fresca-api-json\/wp\/v2\/posts\/15705","targetHints":{"allow":["GET"]}}],"collection":[{"href":"https:\/\/www.lafresca.fm\/fresca-api-json\/wp\/v2\/posts"}],"about":[{"href":"https:\/\/www.lafresca.fm\/fresca-api-json\/wp\/v2\/types\/post"}],"author":[{"embeddable":true,"href":"https:\/\/www.lafresca.fm\/fresca-api-json\/wp\/v2\/users\/2"}],"replies":[{"embeddable":true,"href":"https:\/\/www.lafresca.fm\/fresca-api-json\/wp\/v2\/comments?post=15705"}],"version-history":[{"count":2,"href":"https:\/\/www.lafresca.fm\/fresca-api-json\/wp\/v2\/posts\/15705\/revisions"}],"predecessor-version":[{"id":15714,"href":"https:\/\/www.lafresca.fm\/fresca-api-json\/wp\/v2\/posts\/15705\/revisions\/15714"}],"wp:featuredmedia":[{"embeddable":true,"href":"https:\/\/www.lafresca.fm\/fresca-api-json\/wp\/v2\/media\/15706"}],"wp:attachment":[{"href":"https:\/\/www.lafresca.fm\/fresca-api-json\/wp\/v2\/media?parent=15705"}],"wp:term":[{"taxonomy":"category","embeddable":true,"href":"https:\/\/www.lafresca.fm\/fresca-api-json\/wp\/v2\/categories?post=15705"},{"taxonomy":"post_tag","embeddable":true,"href":"https:\/\/www.lafresca.fm\/fresca-api-json\/wp\/v2\/tags?post=15705"}],"curies":[{"name":"wp","href":"https:\/\/api.w.org\/{rel}","templated":true}]}}