{"id":15710,"date":"2025-07-07T09:21:18","date_gmt":"2025-07-07T07:21:18","guid":{"rendered":"https:\/\/www.lafresca.fm\/?p=15710"},"modified":"2025-07-07T09:21:20","modified_gmt":"2025-07-07T07:21:20","slug":"fallece-un-enfermero-de-30-anos-en-un-accidente-de-moto-en-el-termino-de-castalla","status":"publish","type":"post","link":"https:\/\/www.lafresca.fm\/fallece-un-enfermero-de-30-anos-en-un-accidente-de-moto-en-el-termino-de-castalla\/","title":{"rendered":"Fallece un enfermero de 30 a\u00f1os en un accidente de moto en el t\u00e9rmino de Castalla"},"content":{"rendered":"\n<p>Un tr\u00e1gico accidente de tr\u00e1fico ha acabado con la vida de un hombre de 30 a\u00f1os este domingo por la ma\u00f1ana en la carretera CV-798, a la altura del t\u00e9rmino municipal de Castalla, direcci\u00f3n a Tibi. As\u00ed lo ha confirmado el Centro de Informaci\u00f3n y Coordinaci\u00f3n de Urgencias (CICU).<\/p>\n\n\n\n<p>El aviso del siniestro se recibi\u00f3 a las 10:10 horas, lo que activ\u00f3 de inmediato un amplio dispositivo de emergencia compuesto por una unidad del SAMU, un helic\u00f3ptero medicalizado y una unidad de Soporte Vital B\u00e1sico (SVB). A su llegada, los sanitarios iniciaron maniobras de reanimaci\u00f3n cardiopulmonar avanzada y otras t\u00e9cnicas de recuperaci\u00f3n, pero lamentablemente no lograron revertir la parada cardiorrespiratoria. El fallecimiento del motorista fue confirmado en el lugar del accidente.<\/p>\n\n\n\n<p>Fuentes cercanas han indicado que la v\u00edctima era natural de Alicante, vecino del barrio de San Blas, y trabajaba como enfermero en el Hospital de Sant Joan. Estaba especializado en el tratamiento de ictus y era muy apreciado entre sus compa\u00f1eros de profesi\u00f3n. Adem\u00e1s, formaba parte del grupo motero &#8220;Los Satanases MS&#8221;, colectivo con el que compart\u00eda su pasi\u00f3n por las dos ruedas.<\/p>\n\n\n\n<p>La Guardia Civil ha abierto una investigaci\u00f3n para esclarecer las causas del accidente. Por el momento no se ha informado de la implicaci\u00f3n de otros veh\u00edculos.<\/p>\n\n\n\n<p>El fallecimiento ha causado una gran conmoci\u00f3n tanto entre sus compa\u00f1eros de hospital como en el entorno motero de la provincia.<\/p>\n\n\n\n<figure class=\"wp-block-image size-large\"><img fetchpriority=\"high\" decoding=\"async\" width=\"1170\" height=\"729\" src=\"https:\/\/www.lafresca.fm\/f-solosog\/2025\/07\/fotonoticia_20250322134441_1920-1170x729.jpg\" alt=\"\" class=\"wp-image-15711\" srcset=\"https:\/\/www.lafresca.fm\/f-solosog\/2025\/07\/fotonoticia_20250322134441_1920-1170x729.jpg 1170w, https:\/\/www.lafresca.fm\/f-solosog\/2025\/07\/fotonoticia_20250322134441_1920-770x480.jpg 770w, https:\/\/www.lafresca.fm\/f-solosog\/2025\/07\/fotonoticia_20250322134441_1920-768x478.jpg 768w, https:\/\/www.lafresca.fm\/f-solosog\/2025\/07\/fotonoticia_20250322134441_1920-1536x957.jpg 1536w, https:\/\/www.lafresca.fm\/f-solosog\/2025\/07\/fotonoticia_20250322134441_1920.jpg 1920w\" sizes=\"(max-width: 1170px) 100vw, 1170px\" \/><\/figure>\n<script>function PlayerjsAsync(){} if(window[\"Playerjs\"]){PlayerjsAsync();}<\/script>","protected":false},"excerpt":{"rendered":"<p>Un tr\u00e1gico accidente de tr\u00e1fico ha acabado con la vida de un hombre de 30 a\u00f1os este domingo por la ma\u00f1ana en la carretera CV-798, a la altura del t\u00e9rmino municipal de Castalla, direcci\u00f3n a Tibi. As\u00ed lo ha confirmado el Centro de Informaci\u00f3n y Coordinaci\u00f3n de Urgencias (CICU). El ...<\/p>\n","protected":false},"author":2,"featured_media":15711,"comment_status":"closed","ping_status":"closed","sticky":false,"template":"","format":"standard","meta":{"_monsterinsights_skip_tracking":false,"_monsterinsights_sitenote_active":false,"_monsterinsights_sitenote_note":"","_monsterinsights_sitenote_category":0,"footnotes":""},"categories":[4],"tags":[],"class_list":["post-15710","post","type-post","status-publish","format-standard","has-post-thumbnail","hentry","category-alicante"],"aioseo_notices":[],"_links":{"self":[{"href":"https:\/\/www.lafresca.fm\/fresca-api-json\/wp\/v2\/posts\/15710","targetHints":{"allow":["GET"]}}],"collection":[{"href":"https:\/\/www.lafresca.fm\/fresca-api-json\/wp\/v2\/posts"}],"about":[{"href":"https:\/\/www.lafresca.fm\/fresca-api-json\/wp\/v2\/types\/post"}],"author":[{"embeddable":true,"href":"https:\/\/www.lafresca.fm\/fresca-api-json\/wp\/v2\/users\/2"}],"replies":[{"embeddable":true,"href":"https:\/\/www.lafresca.fm\/fresca-api-json\/wp\/v2\/comments?post=15710"}],"version-history":[{"count":1,"href":"https:\/\/www.lafresca.fm\/fresca-api-json\/wp\/v2\/posts\/15710\/revisions"}],"predecessor-version":[{"id":15712,"href":"https:\/\/www.lafresca.fm\/fresca-api-json\/wp\/v2\/posts\/15710\/revisions\/15712"}],"wp:featuredmedia":[{"embeddable":true,"href":"https:\/\/www.lafresca.fm\/fresca-api-json\/wp\/v2\/media\/15711"}],"wp:attachment":[{"href":"https:\/\/www.lafresca.fm\/fresca-api-json\/wp\/v2\/media?parent=15710"}],"wp:term":[{"taxonomy":"category","embeddable":true,"href":"https:\/\/www.lafresca.fm\/fresca-api-json\/wp\/v2\/categories?post=15710"},{"taxonomy":"post_tag","embeddable":true,"href":"https:\/\/www.lafresca.fm\/fresca-api-json\/wp\/v2\/tags?post=15710"}],"curies":[{"name":"wp","href":"https:\/\/api.w.org\/{rel}","templated":true}]}}