{"id":15715,"date":"2025-07-07T12:22:56","date_gmt":"2025-07-07T10:22:56","guid":{"rendered":"https:\/\/www.lafresca.fm\/?p=15715"},"modified":"2025-07-07T12:22:59","modified_gmt":"2025-07-07T10:22:59","slug":"castalla-celebra-una-nueva-edicion-de-la-gala-de-campions-en-homenaje-a-los-deportistas-y-equipos-mas-destacados-de-la-temporada","status":"publish","type":"post","link":"https:\/\/www.lafresca.fm\/castalla-celebra-una-nueva-edicion-de-la-gala-de-campions-en-homenaje-a-los-deportistas-y-equipos-mas-destacados-de-la-temporada\/","title":{"rendered":"Castalla celebra una nueva edici\u00f3n de la Gala de Campions en homenaje a los deportistas y equipos m\u00e1s destacados de la temporada"},"content":{"rendered":"\n<ul class=\"wp-block-list\">\n<li>Se premiar\u00e1n a cerca de 60 personas, las cuales representar\u00e1n el esp\u00edritu deportivo y de unidad de Castalla.<\/li>\n<\/ul>\n\n\n\n<p>La Concejal\u00eda de Deportes del Ayuntamiento de Castalla ha organizado, un a\u00f1o m\u00e1s, una nueva edici\u00f3n de la Gala de Campions de Castalla. Se llevar\u00e1 a cabo el pr\u00f3ximo viernes 11 de julio, a las 20:30h en la Plaza del Ayuntamiento.<\/p>\n\n\n\n<p>Se trata de un evento que tiene como finalidad \u201cdar a conocer el fant\u00e1stico trabajo que se hace en materia deportiva a nivel local, as\u00ed como a los deportistas que destacan en el municipio\u201d, como ha asegurado Jos\u00e9 Miguel Pay\u00e1, concejal de Deportes.<\/p>\n\n\n\n<figure class=\"wp-block-image size-large\"><img fetchpriority=\"high\" decoding=\"async\" width=\"1170\" height=\"527\" src=\"https:\/\/www.lafresca.fm\/f-solosog\/2025\/07\/IMG_20250707_111109-1170x527.jpg\" alt=\"\" class=\"wp-image-15716\" srcset=\"https:\/\/www.lafresca.fm\/f-solosog\/2025\/07\/IMG_20250707_111109-1170x527.jpg 1170w, https:\/\/www.lafresca.fm\/f-solosog\/2025\/07\/IMG_20250707_111109-770x347.jpg 770w, https:\/\/www.lafresca.fm\/f-solosog\/2025\/07\/IMG_20250707_111109-768x346.jpg 768w, https:\/\/www.lafresca.fm\/f-solosog\/2025\/07\/IMG_20250707_111109-1536x691.jpg 1536w, https:\/\/www.lafresca.fm\/f-solosog\/2025\/07\/IMG_20250707_111109-2048x922.jpg 2048w\" sizes=\"(max-width: 1170px) 100vw, 1170px\" \/><\/figure>\n\n\n\n<p>Una manera de \u201creconocer a los deportistas de todas las edades y entidades deportivas locales que, con su esfuerzo diario, llevan el nombre de Castalla m\u00e1s all\u00e1 de nuestro territorio\u201d, como remarca el concejal del \u00e1rea.<\/p>\n\n\n\n<p>Como en anteriores ocasiones, se prev\u00e9 \u201cun evento cargado de emoci\u00f3n y reconocimiento\u201d, en el cual se premiar\u00e1 a equipos y deportistas, los cuales recibir\u00e1n un homenaje \u201cpor su esfuerzo y dedicaci\u00f3n en sus respectivas disciplinas&#8221;. Tanto a nivel individual como en equipo\u201d, como indica.<\/p>\n\n\n\n<p>En el evento, participar\u00e1n alrededor de 60 deportistas, los cuales representan en su d\u00eda a d\u00eda el esp\u00edritu deportivo y de unidad de Castalla. La Gala contar\u00e1 con la presencia del Alcalde de Castalla, Jes\u00fas L\u00f3pez Blanco, y del concejal de Deportes, la cual finalizar\u00e1 con la ya tradicional foto de familia con todos los galardonados encima del escenario.<\/p>\n\n\n\n<p>La Gala de Campions Castalla 2025 ser\u00e1 \u201cuna gran noche para recordar, mediante la cual celebraremos el talento y el esfuerzo de los deportistas de nuestro pueblo\u201d, como destaca Pay\u00e1.<\/p>\n\n\n\n<p>Desde el Consistorio se insiste en \u201cfomentar la participaci\u00f3n de los j\u00f3venes en las distintas disciplinas deportivas, as\u00ed como el importante trabajo de las Escuelas Deportivas Municipales y los Clubes locales, los cuales son fundamentales para conseguirlo\u201d.<\/p>\n\n\n\n<p>El Ayuntamiento de Castalla invita a todos los vecinos y vecinas a asistir a esta gala para dar su apoyo a los atletas locales.<\/p>\n<script>function PlayerjsAsync(){} if(window[\"Playerjs\"]){PlayerjsAsync();}<\/script>","protected":false},"excerpt":{"rendered":"<p>La Concejal\u00eda de Deportes del Ayuntamiento de Castalla ha organizado, un a\u00f1o m\u00e1s, una nueva edici\u00f3n de la Gala de Campions de Castalla. Se llevar\u00e1 a cabo el pr\u00f3ximo viernes 11 de julio, a las 20:30h en la Plaza del Ayuntamiento. Se trata de un evento que tiene como finalidad ...<\/p>\n","protected":false},"author":2,"featured_media":15716,"comment_status":"closed","ping_status":"closed","sticky":false,"template":"","format":"standard","meta":{"_monsterinsights_skip_tracking":false,"_monsterinsights_sitenote_active":false,"_monsterinsights_sitenote_note":"","_monsterinsights_sitenote_category":0,"footnotes":""},"categories":[4],"tags":[144],"class_list":["post-15715","post","type-post","status-publish","format-standard","has-post-thumbnail","hentry","category-alicante","tag-castalla"],"aioseo_notices":[],"_links":{"self":[{"href":"https:\/\/www.lafresca.fm\/fresca-api-json\/wp\/v2\/posts\/15715","targetHints":{"allow":["GET"]}}],"collection":[{"href":"https:\/\/www.lafresca.fm\/fresca-api-json\/wp\/v2\/posts"}],"about":[{"href":"https:\/\/www.lafresca.fm\/fresca-api-json\/wp\/v2\/types\/post"}],"author":[{"embeddable":true,"href":"https:\/\/www.lafresca.fm\/fresca-api-json\/wp\/v2\/users\/2"}],"replies":[{"embeddable":true,"href":"https:\/\/www.lafresca.fm\/fresca-api-json\/wp\/v2\/comments?post=15715"}],"version-history":[{"count":1,"href":"https:\/\/www.lafresca.fm\/fresca-api-json\/wp\/v2\/posts\/15715\/revisions"}],"predecessor-version":[{"id":15717,"href":"https:\/\/www.lafresca.fm\/fresca-api-json\/wp\/v2\/posts\/15715\/revisions\/15717"}],"wp:featuredmedia":[{"embeddable":true,"href":"https:\/\/www.lafresca.fm\/fresca-api-json\/wp\/v2\/media\/15716"}],"wp:attachment":[{"href":"https:\/\/www.lafresca.fm\/fresca-api-json\/wp\/v2\/media?parent=15715"}],"wp:term":[{"taxonomy":"category","embeddable":true,"href":"https:\/\/www.lafresca.fm\/fresca-api-json\/wp\/v2\/categories?post=15715"},{"taxonomy":"post_tag","embeddable":true,"href":"https:\/\/www.lafresca.fm\/fresca-api-json\/wp\/v2\/tags?post=15715"}],"curies":[{"name":"wp","href":"https:\/\/api.w.org\/{rel}","templated":true}]}}