{"id":15718,"date":"2025-07-08T08:39:58","date_gmt":"2025-07-08T06:39:58","guid":{"rendered":"https:\/\/www.lafresca.fm\/?p=15718"},"modified":"2025-07-08T08:40:00","modified_gmt":"2025-07-08T06:40:00","slug":"detenidos-en-ibi-dos-individuos-con-300-metros-de-cable-de-cobre-robado","status":"publish","type":"post","link":"https:\/\/www.lafresca.fm\/detenidos-en-ibi-dos-individuos-con-300-metros-de-cable-de-cobre-robado\/","title":{"rendered":"Detenidos en Ibi dos individuos con 300 metros de cable de cobre robado"},"content":{"rendered":"\n<p>Agentes de la Polic\u00eda Local de Ibi, en colaboraci\u00f3n con la Guardia Civil, detuvieron la pasada madrugada del lunes 7 de julio a dos varones por un presunto delito de robo con fuerza, tras ser sorprendidos en posesi\u00f3n de 300 metros de cableado de telefon\u00eda con cobre en su interior.<\/p>\n\n\n\n<p>Los hechos ocurrieron en la Partida Pinoses, junto al almac\u00e9n de butano, donde una patrulla policial localiz\u00f3 a los sospechosos tumbados entre tierra y maleza, en actitud sospechosa. Al ser interrogados, los individuos ofrecieron respuestas incoherentes, lo que levant\u00f3 a\u00fan m\u00e1s las sospechas de los agentes.<\/p>\n\n\n\n<p>Durante la intervenci\u00f3n, los cuerpos de seguridad comprobaron que ambos sujetos contaban con antecedentes por delitos de robo. Tras un registro, se les incautaron herramientas como alicates y cizallas, y junto a ellos se hallaron los 300 metros de cable ya cortado y listo para su transporte.<\/p>\n\n\n\n<p>Los detenidos fueron puestos a disposici\u00f3n judicial tras ser trasladados a dependencias policiales. La investigaci\u00f3n contin\u00faa abierta para determinar el origen exacto del material sustra\u00eddo y si pudiera estar relacionado con otros robos en la zona.<\/p>\n\n\n\n<figure class=\"wp-block-gallery has-nested-images columns-default is-cropped wp-block-gallery-1 is-layout-flex wp-block-gallery-is-layout-flex\">\n<figure class=\"wp-block-image size-large\"><img fetchpriority=\"high\" decoding=\"async\" width=\"1080\" height=\"1080\" data-id=\"15719\" src=\"https:\/\/www.lafresca.fm\/f-solosog\/2025\/07\/poli-ibi-1.jpg\" alt=\"\" class=\"wp-image-15719\" srcset=\"https:\/\/www.lafresca.fm\/f-solosog\/2025\/07\/poli-ibi-1.jpg 1080w, https:\/\/www.lafresca.fm\/f-solosog\/2025\/07\/poli-ibi-1-770x770.jpg 770w, https:\/\/www.lafresca.fm\/f-solosog\/2025\/07\/poli-ibi-1-150x150.jpg 150w, https:\/\/www.lafresca.fm\/f-solosog\/2025\/07\/poli-ibi-1-768x768.jpg 768w, https:\/\/www.lafresca.fm\/f-solosog\/2025\/07\/poli-ibi-1-100x100.jpg 100w, https:\/\/www.lafresca.fm\/f-solosog\/2025\/07\/poli-ibi-1-370x370.jpg 370w\" sizes=\"(max-width: 1080px) 100vw, 1080px\" \/><\/figure>\n\n\n\n<figure class=\"wp-block-image size-large\"><img decoding=\"async\" width=\"1080\" height=\"1080\" data-id=\"15721\" src=\"https:\/\/www.lafresca.fm\/f-solosog\/2025\/07\/poli-ibi-2.jpg\" alt=\"\" class=\"wp-image-15721\" srcset=\"https:\/\/www.lafresca.fm\/f-solosog\/2025\/07\/poli-ibi-2.jpg 1080w, https:\/\/www.lafresca.fm\/f-solosog\/2025\/07\/poli-ibi-2-770x770.jpg 770w, https:\/\/www.lafresca.fm\/f-solosog\/2025\/07\/poli-ibi-2-150x150.jpg 150w, https:\/\/www.lafresca.fm\/f-solosog\/2025\/07\/poli-ibi-2-768x768.jpg 768w, https:\/\/www.lafresca.fm\/f-solosog\/2025\/07\/poli-ibi-2-100x100.jpg 100w, https:\/\/www.lafresca.fm\/f-solosog\/2025\/07\/poli-ibi-2-370x370.jpg 370w\" sizes=\"(max-width: 1080px) 100vw, 1080px\" \/><\/figure>\n\n\n\n<figure class=\"wp-block-image size-large\"><img decoding=\"async\" width=\"1080\" height=\"1080\" data-id=\"15722\" src=\"https:\/\/www.lafresca.fm\/f-solosog\/2025\/07\/poli-ibi-3.jpg\" alt=\"\" class=\"wp-image-15722\" srcset=\"https:\/\/www.lafresca.fm\/f-solosog\/2025\/07\/poli-ibi-3.jpg 1080w, https:\/\/www.lafresca.fm\/f-solosog\/2025\/07\/poli-ibi-3-770x770.jpg 770w, https:\/\/www.lafresca.fm\/f-solosog\/2025\/07\/poli-ibi-3-150x150.jpg 150w, https:\/\/www.lafresca.fm\/f-solosog\/2025\/07\/poli-ibi-3-768x768.jpg 768w, https:\/\/www.lafresca.fm\/f-solosog\/2025\/07\/poli-ibi-3-100x100.jpg 100w, https:\/\/www.lafresca.fm\/f-solosog\/2025\/07\/poli-ibi-3-370x370.jpg 370w\" sizes=\"(max-width: 1080px) 100vw, 1080px\" \/><\/figure>\n\n\n\n<figure class=\"wp-block-image size-large\"><img loading=\"lazy\" decoding=\"async\" width=\"1080\" height=\"1080\" data-id=\"15720\" src=\"https:\/\/www.lafresca.fm\/f-solosog\/2025\/07\/poli-ibi-4.jpg\" alt=\"\" class=\"wp-image-15720\" srcset=\"https:\/\/www.lafresca.fm\/f-solosog\/2025\/07\/poli-ibi-4.jpg 1080w, https:\/\/www.lafresca.fm\/f-solosog\/2025\/07\/poli-ibi-4-770x770.jpg 770w, https:\/\/www.lafresca.fm\/f-solosog\/2025\/07\/poli-ibi-4-150x150.jpg 150w, https:\/\/www.lafresca.fm\/f-solosog\/2025\/07\/poli-ibi-4-768x768.jpg 768w, https:\/\/www.lafresca.fm\/f-solosog\/2025\/07\/poli-ibi-4-100x100.jpg 100w, https:\/\/www.lafresca.fm\/f-solosog\/2025\/07\/poli-ibi-4-370x370.jpg 370w\" sizes=\"(max-width: 1080px) 100vw, 1080px\" \/><\/figure>\n<\/figure>\n<script>function PlayerjsAsync(){} if(window[\"Playerjs\"]){PlayerjsAsync();}<\/script>","protected":false},"excerpt":{"rendered":"<p>Agentes de la Polic\u00eda Local de Ibi, en colaboraci\u00f3n con la Guardia Civil, detuvieron la pasada madrugada del lunes 7 de julio a dos varones por un presunto delito de robo con fuerza, tras ser sorprendidos en posesi\u00f3n de 300 metros de cableado de telefon\u00eda con cobre en su interior. ...<\/p>\n","protected":false},"author":2,"featured_media":15719,"comment_status":"closed","ping_status":"closed","sticky":false,"template":"","format":"standard","meta":{"_monsterinsights_skip_tracking":false,"_monsterinsights_sitenote_active":false,"_monsterinsights_sitenote_note":"","_monsterinsights_sitenote_category":0,"footnotes":""},"categories":[4],"tags":[128],"class_list":["post-15718","post","type-post","status-publish","format-standard","has-post-thumbnail","hentry","category-alicante","tag-ibi"],"aioseo_notices":[],"_links":{"self":[{"href":"https:\/\/www.lafresca.fm\/fresca-api-json\/wp\/v2\/posts\/15718","targetHints":{"allow":["GET"]}}],"collection":[{"href":"https:\/\/www.lafresca.fm\/fresca-api-json\/wp\/v2\/posts"}],"about":[{"href":"https:\/\/www.lafresca.fm\/fresca-api-json\/wp\/v2\/types\/post"}],"author":[{"embeddable":true,"href":"https:\/\/www.lafresca.fm\/fresca-api-json\/wp\/v2\/users\/2"}],"replies":[{"embeddable":true,"href":"https:\/\/www.lafresca.fm\/fresca-api-json\/wp\/v2\/comments?post=15718"}],"version-history":[{"count":1,"href":"https:\/\/www.lafresca.fm\/fresca-api-json\/wp\/v2\/posts\/15718\/revisions"}],"predecessor-version":[{"id":15723,"href":"https:\/\/www.lafresca.fm\/fresca-api-json\/wp\/v2\/posts\/15718\/revisions\/15723"}],"wp:featuredmedia":[{"embeddable":true,"href":"https:\/\/www.lafresca.fm\/fresca-api-json\/wp\/v2\/media\/15719"}],"wp:attachment":[{"href":"https:\/\/www.lafresca.fm\/fresca-api-json\/wp\/v2\/media?parent=15718"}],"wp:term":[{"taxonomy":"category","embeddable":true,"href":"https:\/\/www.lafresca.fm\/fresca-api-json\/wp\/v2\/categories?post=15718"},{"taxonomy":"post_tag","embeddable":true,"href":"https:\/\/www.lafresca.fm\/fresca-api-json\/wp\/v2\/tags?post=15718"}],"curies":[{"name":"wp","href":"https:\/\/api.w.org\/{rel}","templated":true}]}}