{"id":15724,"date":"2025-07-08T11:31:37","date_gmt":"2025-07-08T09:31:37","guid":{"rendered":"https:\/\/www.lafresca.fm\/?p=15724"},"modified":"2025-07-08T11:31:39","modified_gmt":"2025-07-08T09:31:39","slug":"la-comision-de-fiestas-de-ibi-retira-su-amenaza-de-dimision-tras-resolver-la-crisis-economica-con-el-ayuntamiento","status":"publish","type":"post","link":"https:\/\/www.lafresca.fm\/la-comision-de-fiestas-de-ibi-retira-su-amenaza-de-dimision-tras-resolver-la-crisis-economica-con-el-ayuntamiento\/","title":{"rendered":"La Comisi\u00f3n de Fiestas de Ibi retira su amenaza de dimisi\u00f3n tras resolver la crisis econ\u00f3mica con el ayuntamiento"},"content":{"rendered":"\n<p>La Junta Directiva de la Comisi\u00f3n de Fiestas y la Junta de Presidentes de la Federaci\u00f3n de Comparsas Moros y Cristianos de Ibi han anunciado oficialmente la retirada de su dimisi\u00f3n, prevista para el 9 de julio, tras haberse resuelto la situaci\u00f3n econ\u00f3mica que motiv\u00f3 su anterior decisi\u00f3n.<\/p>\n\n\n\n<p>Seg\u00fan informaron en un comunicado, la subvenci\u00f3n municipal pendiente ha sido finalmente recibida, permitiendo retomar con normalidad la planificaci\u00f3n, contrataci\u00f3n y ejecuci\u00f3n de los actos festivos programados. \u201cReafirmamos nuestro compromiso de seguir trabajando, con la ilusi\u00f3n y la responsabilidad de siempre, por unas Fiestas de Moros y Cristianos a la altura de nuestro pueblo y de su tradici\u00f3n\u201d, expresaron.<\/p>\n\n\n\n<figure class=\"wp-block-image size-large\"><img fetchpriority=\"high\" decoding=\"async\" width=\"1170\" height=\"859\" src=\"https:\/\/www.lafresca.fm\/f-solosog\/2025\/07\/MOROS-Y-CRISTIANOS-IBI-10-1170x859.jpg\" alt=\"\" class=\"wp-image-15725\" srcset=\"https:\/\/www.lafresca.fm\/f-solosog\/2025\/07\/MOROS-Y-CRISTIANOS-IBI-10-1170x859.jpg 1170w, https:\/\/www.lafresca.fm\/f-solosog\/2025\/07\/MOROS-Y-CRISTIANOS-IBI-10-770x565.jpg 770w, https:\/\/www.lafresca.fm\/f-solosog\/2025\/07\/MOROS-Y-CRISTIANOS-IBI-10-768x564.jpg 768w, https:\/\/www.lafresca.fm\/f-solosog\/2025\/07\/MOROS-Y-CRISTIANOS-IBI-10-1536x1127.jpg 1536w, https:\/\/www.lafresca.fm\/f-solosog\/2025\/07\/MOROS-Y-CRISTIANOS-IBI-10.jpg 1920w\" sizes=\"(max-width: 1170px) 100vw, 1170px\" \/><\/figure>\n\n\n\n<p>Pese a la buena noticia, la Comisi\u00f3n record\u00f3 que a\u00fan est\u00e1 pendiente la resoluci\u00f3n del cobro de subvenciones por parte de las comparsas, para lo cual ya se han previsto reuniones de trabajo en los pr\u00f3ximos d\u00edas.<\/p>\n\n\n\n<p>La Federaci\u00f3n ha agradecido expresamente al Ayuntamiento de Ibi \u201cpor la diligencia final mostrada para desbloquear la situaci\u00f3n\u201d, as\u00ed como a las comparsas, entidades colaboradoras y ciudadan\u00eda en general por \u201csu paciencia, confianza, apoyo y comprensi\u00f3n\u201d.<\/p>\n\n\n\n<p>El calendario de trabajo se retoma de inmediato, con la vista puesta en unas fiestas que, seg\u00fan recalcan desde la organizaci\u00f3n, \u201cson fruto del esfuerzo voluntario y del compromiso con el bienestar de Ibi y de su gente\u201d.<\/p>\n<script>function PlayerjsAsync(){} if(window[\"Playerjs\"]){PlayerjsAsync();}<\/script>","protected":false},"excerpt":{"rendered":"<p>La Junta Directiva de la Comisi\u00f3n de Fiestas y la Junta de Presidentes de la Federaci\u00f3n de Comparsas Moros y Cristianos de Ibi han anunciado oficialmente la retirada de su dimisi\u00f3n, prevista para el 9 de julio, tras haberse resuelto la situaci\u00f3n econ\u00f3mica que motiv\u00f3 su anterior decisi\u00f3n. Seg\u00fan informaron ...<\/p>\n","protected":false},"author":2,"featured_media":15725,"comment_status":"closed","ping_status":"closed","sticky":false,"template":"","format":"standard","meta":{"_monsterinsights_skip_tracking":false,"_monsterinsights_sitenote_active":false,"_monsterinsights_sitenote_note":"","_monsterinsights_sitenote_category":0,"footnotes":""},"categories":[4],"tags":[128],"class_list":["post-15724","post","type-post","status-publish","format-standard","has-post-thumbnail","hentry","category-alicante","tag-ibi"],"aioseo_notices":[],"_links":{"self":[{"href":"https:\/\/www.lafresca.fm\/fresca-api-json\/wp\/v2\/posts\/15724","targetHints":{"allow":["GET"]}}],"collection":[{"href":"https:\/\/www.lafresca.fm\/fresca-api-json\/wp\/v2\/posts"}],"about":[{"href":"https:\/\/www.lafresca.fm\/fresca-api-json\/wp\/v2\/types\/post"}],"author":[{"embeddable":true,"href":"https:\/\/www.lafresca.fm\/fresca-api-json\/wp\/v2\/users\/2"}],"replies":[{"embeddable":true,"href":"https:\/\/www.lafresca.fm\/fresca-api-json\/wp\/v2\/comments?post=15724"}],"version-history":[{"count":1,"href":"https:\/\/www.lafresca.fm\/fresca-api-json\/wp\/v2\/posts\/15724\/revisions"}],"predecessor-version":[{"id":15726,"href":"https:\/\/www.lafresca.fm\/fresca-api-json\/wp\/v2\/posts\/15724\/revisions\/15726"}],"wp:featuredmedia":[{"embeddable":true,"href":"https:\/\/www.lafresca.fm\/fresca-api-json\/wp\/v2\/media\/15725"}],"wp:attachment":[{"href":"https:\/\/www.lafresca.fm\/fresca-api-json\/wp\/v2\/media?parent=15724"}],"wp:term":[{"taxonomy":"category","embeddable":true,"href":"https:\/\/www.lafresca.fm\/fresca-api-json\/wp\/v2\/categories?post=15724"},{"taxonomy":"post_tag","embeddable":true,"href":"https:\/\/www.lafresca.fm\/fresca-api-json\/wp\/v2\/tags?post=15724"}],"curies":[{"name":"wp","href":"https:\/\/api.w.org\/{rel}","templated":true}]}}