{"id":15727,"date":"2025-07-08T11:54:44","date_gmt":"2025-07-08T09:54:44","guid":{"rendered":"https:\/\/www.lafresca.fm\/?p=15727"},"modified":"2025-07-08T11:54:47","modified_gmt":"2025-07-08T09:54:47","slug":"onil-celebra-la-fiesta-de-san-cristobal-este-sabado-12-de-julio","status":"publish","type":"post","link":"https:\/\/www.lafresca.fm\/onil-celebra-la-fiesta-de-san-cristobal-este-sabado-12-de-julio\/","title":{"rendered":"Onil celebra la Fiesta de San Crist\u00f3bal este s\u00e1bado 12 de julio"},"content":{"rendered":"\n<p>Este s\u00e1bado 12 de julio, Onil celebra la Fiesta de San Crist\u00f3bal, una jornada festiva pensada para disfrutar en familia y con amigos.<\/p>\n\n\n\n<p>La fiesta, organizada por el Ayuntamiento de Onil junto con la Asociaci\u00f3n de la Antigua Navidad y el colectivo de Camioneros, tiene un doble objetivo: recuperar una tradici\u00f3n muy querida por el pueblo y darle vida al centro hist\u00f3rico, invitando a todos a salir a la calle y disfrutar.<\/p>\n\n\n\n<p>Durante toda la tarde y noche, los asistentes podr\u00e1n participar en actividades para todas las edades, desde una refrescante fiesta de la espuma hasta la tradicional bendici\u00f3n de veh\u00edculos, sin olvidar la m\u00fasica, la cena popular y la verbena.<\/p>\n\n\n\n<h3 class=\"wp-block-heading\"><strong>PROGRAMA COMPLETO:<\/strong><\/h3>\n\n\n\n<ul class=\"wp-block-list\">\n<li><strong>16:00 h \u2013 Gran Fiesta de la Espuma<\/strong><br>\u00a0<em>Plaza de los Deportistas Ol\u00edmpicos<\/em><br> Ideal para peque\u00f1os y mayores. \u00a1Diversi\u00f3n garantizada!<\/li>\n\n\n\n<li><strong>18:30 h \u2013 Bajada del Santo<\/strong><br>\u00a0<em>Desde la calle San Crist\u00f3bal hasta la Iglesia<\/em><br> Acompa\u00f1amos juntos la imagen de San Crist\u00f3bal.<\/li>\n\n\n\n<li><strong>19:00 h \u2013 Misa en honor al Santo<\/strong><br>\u00a0<em>Iglesia Parroquial<\/em><\/li>\n\n\n\n<li><strong>19:45 h \u2013 Bendici\u00f3n de veh\u00edculos<\/strong><br>\u00a0<em>Plaza Mayor<\/em><br> Tr\u00e1ete tu coche, moto, bici o lo que tengas con ruedas.<br> Al terminar, el Santo vuelve a su calle.<\/li>\n\n\n\n<li><strong>20:30 h \u2013 Cena popular \u201cPa i Ratol\u00ed\u201d<\/strong><br>\u00a0<em>Carrer Figueretes<\/em><br>Cena en buena compa\u00f1\u00eda al aire libre.<\/li>\n\n\n\n<li><strong>21:00 a 01:00 h \u2013 Verbena popular<\/strong><br>\u00a0<em>Calle San Crist\u00f3bal<\/em><br> M\u00fasica, baile y muchas ganas de pasarlo bien..<\/li>\n<\/ul>\n\n\n\n<figure class=\"wp-block-image size-large\"><img fetchpriority=\"high\" decoding=\"async\" width=\"827\" height=\"1170\" src=\"https:\/\/www.lafresca.fm\/f-solosog\/2025\/07\/WhatsApp-Image-2025-07-07-at-19.57.32-827x1170.jpeg\" alt=\"\" class=\"wp-image-15728\" srcset=\"https:\/\/www.lafresca.fm\/f-solosog\/2025\/07\/WhatsApp-Image-2025-07-07-at-19.57.32-827x1170.jpeg 827w, https:\/\/www.lafresca.fm\/f-solosog\/2025\/07\/WhatsApp-Image-2025-07-07-at-19.57.32-544x770.jpeg 544w, https:\/\/www.lafresca.fm\/f-solosog\/2025\/07\/WhatsApp-Image-2025-07-07-at-19.57.32-768x1086.jpeg 768w, https:\/\/www.lafresca.fm\/f-solosog\/2025\/07\/WhatsApp-Image-2025-07-07-at-19.57.32-1086x1536.jpeg 1086w, https:\/\/www.lafresca.fm\/f-solosog\/2025\/07\/WhatsApp-Image-2025-07-07-at-19.57.32.jpeg 1131w\" sizes=\"(max-width: 827px) 100vw, 827px\" \/><\/figure>\n<script>function PlayerjsAsync(){} if(window[\"Playerjs\"]){PlayerjsAsync();}<\/script>","protected":false},"excerpt":{"rendered":"<p>Este s\u00e1bado 12 de julio, Onil celebra la Fiesta de San Crist\u00f3bal, una jornada festiva pensada para disfrutar en familia y con amigos. La fiesta, organizada por el Ayuntamiento de Onil junto con la Asociaci\u00f3n de la Antigua Navidad y el colectivo de Camioneros, tiene un doble objetivo: recuperar una ...<\/p>\n","protected":false},"author":2,"featured_media":15728,"comment_status":"closed","ping_status":"closed","sticky":false,"template":"","format":"standard","meta":{"_monsterinsights_skip_tracking":false,"_monsterinsights_sitenote_active":false,"_monsterinsights_sitenote_note":"","_monsterinsights_sitenote_category":0,"footnotes":""},"categories":[4],"tags":[133],"class_list":["post-15727","post","type-post","status-publish","format-standard","has-post-thumbnail","hentry","category-alicante","tag-onil"],"aioseo_notices":[],"_links":{"self":[{"href":"https:\/\/www.lafresca.fm\/fresca-api-json\/wp\/v2\/posts\/15727","targetHints":{"allow":["GET"]}}],"collection":[{"href":"https:\/\/www.lafresca.fm\/fresca-api-json\/wp\/v2\/posts"}],"about":[{"href":"https:\/\/www.lafresca.fm\/fresca-api-json\/wp\/v2\/types\/post"}],"author":[{"embeddable":true,"href":"https:\/\/www.lafresca.fm\/fresca-api-json\/wp\/v2\/users\/2"}],"replies":[{"embeddable":true,"href":"https:\/\/www.lafresca.fm\/fresca-api-json\/wp\/v2\/comments?post=15727"}],"version-history":[{"count":1,"href":"https:\/\/www.lafresca.fm\/fresca-api-json\/wp\/v2\/posts\/15727\/revisions"}],"predecessor-version":[{"id":15729,"href":"https:\/\/www.lafresca.fm\/fresca-api-json\/wp\/v2\/posts\/15727\/revisions\/15729"}],"wp:featuredmedia":[{"embeddable":true,"href":"https:\/\/www.lafresca.fm\/fresca-api-json\/wp\/v2\/media\/15728"}],"wp:attachment":[{"href":"https:\/\/www.lafresca.fm\/fresca-api-json\/wp\/v2\/media?parent=15727"}],"wp:term":[{"taxonomy":"category","embeddable":true,"href":"https:\/\/www.lafresca.fm\/fresca-api-json\/wp\/v2\/categories?post=15727"},{"taxonomy":"post_tag","embeddable":true,"href":"https:\/\/www.lafresca.fm\/fresca-api-json\/wp\/v2\/tags?post=15727"}],"curies":[{"name":"wp","href":"https:\/\/api.w.org\/{rel}","templated":true}]}}