{"id":15760,"date":"2025-07-14T15:57:30","date_gmt":"2025-07-14T13:57:30","guid":{"rendered":"https:\/\/www.lafresca.fm\/?p=15760"},"modified":"2025-07-14T15:57:33","modified_gmt":"2025-07-14T13:57:33","slug":"orgullo-de-onil-ruben-paya-se-proclama-subcampeon-de-espana-en-lanzamiento-de-martillo","status":"publish","type":"post","link":"https:\/\/www.lafresca.fm\/orgullo-de-onil-ruben-paya-se-proclama-subcampeon-de-espana-en-lanzamiento-de-martillo\/","title":{"rendered":"Orgullo de Onil: Rub\u00e9n Pay\u00e1 se proclama subcampe\u00f3n de Espa\u00f1a en lanzamiento de martillo"},"content":{"rendered":"\n<p>Este fin de semana, el Campeonato de Espa\u00f1a de Atletismo, celebrado en Gij\u00f3n (Asturias), ha dejado una gran noticia para el atletismo alicantino y, en particular, para el <em>Centre Esportiu Colivenc<\/em>. Rub\u00e9n Pay\u00e1 Rico se ha proclamado <strong>subcampe\u00f3n nacional en la prueba de lanzamiento de martillo<\/strong>, con una marca de <strong>51,88 metros<\/strong>, su mejor registro personal hasta la fecha.<\/p>\n\n\n\n<p>Este resultado no solo le ha valido la <strong>medalla de plata<\/strong>, sino tambi\u00e9n situarse como <strong>n\u00famero uno en el ranking auton\u00f3mico<\/strong>, consolidando su progresi\u00f3n en una disciplina tan exigente como poco medi\u00e1tica. El logro de Rub\u00e9n es una recompensa a su <strong>dedicaci\u00f3n, constancia y esfuerzo durante toda la temporada<\/strong>, que lo han llevado a brillar en una de las competiciones m\u00e1s importantes del calendario nacional.<\/p>\n\n\n\n<figure class=\"wp-block-image size-large\"><img fetchpriority=\"high\" decoding=\"async\" width=\"1170\" height=\"1170\" src=\"https:\/\/www.lafresca.fm\/f-solosog\/2025\/07\/david-paya-1170x1170.jpg\" alt=\"\" class=\"wp-image-15761\" srcset=\"https:\/\/www.lafresca.fm\/f-solosog\/2025\/07\/david-paya-1170x1170.jpg 1170w, https:\/\/www.lafresca.fm\/f-solosog\/2025\/07\/david-paya-770x770.jpg 770w, https:\/\/www.lafresca.fm\/f-solosog\/2025\/07\/david-paya-150x150.jpg 150w, https:\/\/www.lafresca.fm\/f-solosog\/2025\/07\/david-paya-768x768.jpg 768w, https:\/\/www.lafresca.fm\/f-solosog\/2025\/07\/david-paya-100x100.jpg 100w, https:\/\/www.lafresca.fm\/f-solosog\/2025\/07\/david-paya-370x370.jpg 370w, https:\/\/www.lafresca.fm\/f-solosog\/2025\/07\/david-paya.jpg 1204w\" sizes=\"(max-width: 1170px) 100vw, 1170px\" \/><\/figure>\n\n\n\n<p>Junto a \u00e9l, tambi\u00e9n represent\u00f3 al club el atleta <strong>Jaume Rico S\u00e1nchez<\/strong>, que a pesar de no haber podido acceder a la mejora por los nervios del momento, logr\u00f3 una meritoria <strong>13\u00aa posici\u00f3n nacional<\/strong>, una clasificaci\u00f3n que demuestra el alto nivel que atesora y el futuro prometedor que le espera. Para Jaume, este campeonato ha supuesto una <strong>valiosa experiencia competitiva<\/strong>, que sin duda le servir\u00e1 de impulso para futuras citas.<\/p>\n<script>function PlayerjsAsync(){} if(window[\"Playerjs\"]){PlayerjsAsync();}<\/script>","protected":false},"excerpt":{"rendered":"<p>Este fin de semana, el Campeonato de Espa\u00f1a de Atletismo, celebrado en Gij\u00f3n (Asturias), ha dejado una gran noticia para el atletismo alicantino y, en particular, para el Centre Esportiu Colivenc. Rub\u00e9n Pay\u00e1 Rico se ha proclamado subcampe\u00f3n nacional en la prueba de lanzamiento de martillo, con una marca de ...<\/p>\n","protected":false},"author":2,"featured_media":15761,"comment_status":"closed","ping_status":"closed","sticky":false,"template":"","format":"standard","meta":{"_monsterinsights_skip_tracking":false,"_monsterinsights_sitenote_active":false,"_monsterinsights_sitenote_note":"","_monsterinsights_sitenote_category":0,"footnotes":""},"categories":[4],"tags":[133],"class_list":["post-15760","post","type-post","status-publish","format-standard","has-post-thumbnail","hentry","category-alicante","tag-onil"],"aioseo_notices":[],"_links":{"self":[{"href":"https:\/\/www.lafresca.fm\/fresca-api-json\/wp\/v2\/posts\/15760","targetHints":{"allow":["GET"]}}],"collection":[{"href":"https:\/\/www.lafresca.fm\/fresca-api-json\/wp\/v2\/posts"}],"about":[{"href":"https:\/\/www.lafresca.fm\/fresca-api-json\/wp\/v2\/types\/post"}],"author":[{"embeddable":true,"href":"https:\/\/www.lafresca.fm\/fresca-api-json\/wp\/v2\/users\/2"}],"replies":[{"embeddable":true,"href":"https:\/\/www.lafresca.fm\/fresca-api-json\/wp\/v2\/comments?post=15760"}],"version-history":[{"count":1,"href":"https:\/\/www.lafresca.fm\/fresca-api-json\/wp\/v2\/posts\/15760\/revisions"}],"predecessor-version":[{"id":15762,"href":"https:\/\/www.lafresca.fm\/fresca-api-json\/wp\/v2\/posts\/15760\/revisions\/15762"}],"wp:featuredmedia":[{"embeddable":true,"href":"https:\/\/www.lafresca.fm\/fresca-api-json\/wp\/v2\/media\/15761"}],"wp:attachment":[{"href":"https:\/\/www.lafresca.fm\/fresca-api-json\/wp\/v2\/media?parent=15760"}],"wp:term":[{"taxonomy":"category","embeddable":true,"href":"https:\/\/www.lafresca.fm\/fresca-api-json\/wp\/v2\/categories?post=15760"},{"taxonomy":"post_tag","embeddable":true,"href":"https:\/\/www.lafresca.fm\/fresca-api-json\/wp\/v2\/tags?post=15760"}],"curies":[{"name":"wp","href":"https:\/\/api.w.org\/{rel}","templated":true}]}}