{"id":15764,"date":"2025-07-14T20:03:01","date_gmt":"2025-07-14T18:03:01","guid":{"rendered":"https:\/\/www.lafresca.fm\/?p=15764"},"modified":"2025-07-14T20:07:31","modified_gmt":"2025-07-14T18:07:31","slug":"los-autos-locos-vuelven-a-onil-para-encender-la-fiesta-de-onil-es-mostra-el-27-de-septiembre","status":"publish","type":"post","link":"https:\/\/www.lafresca.fm\/los-autos-locos-vuelven-a-onil-para-encender-la-fiesta-de-onil-es-mostra-el-27-de-septiembre\/","title":{"rendered":"Los Autos Locos vuelven a Onil para encender la fiesta de &#8220;Onil es Mostra&#8221;, el 27 de septiembre"},"content":{"rendered":"\n<p>La cuenta atr\u00e1s ha comenzado para una de las actividades m\u00e1s esperadas y divertidas de todo el a\u00f1o en Onil. Dentro del marco de la feria <strong>&#8220;Onil es Mostra&#8221;<\/strong>, que se celebra los d\u00edas <strong>27, 28 y 29 de septiembre<\/strong>, regresa una cita que combina creatividad, humor y emoci\u00f3n a raudales: \u00a1la carrera de <strong>Autos Locos<\/strong>!<\/p>\n\n\n\n<p>El evento tendr\u00e1 lugar el <strong>s\u00e1bado 27 de septiembre a las 18:00 horas<\/strong>, y promete llenar las calles de ingenio y risas con los veh\u00edculos m\u00e1s extravagantes que puedas imaginar. Dise\u00f1ados por vecinos, amigos y familias, estos coches sin motor competir\u00e1n no solo por llegar a la meta, sino por conquistar al p\u00fablico con su originalidad y desparpajo.<\/p>\n\n\n\n<p>Las inscripciones ya est\u00e1n abiertas y pueden realizarse:<br>Por WhatsApp en el n\u00famero <strong>660 575 262<\/strong><br>De forma presencial en:<\/p>\n\n\n\n<p><strong>Motos Daysa<\/strong><\/p>\n\n\n\n<p><strong>Centro Cultural de Onil<\/strong><\/p>\n\n\n\n<p><strong>Espai Jove<\/strong><\/p>\n\n\n\n<figure class=\"wp-block-image size-large\"><img fetchpriority=\"high\" decoding=\"async\" width=\"847\" height=\"1170\" src=\"https:\/\/www.lafresca.fm\/f-solosog\/2025\/07\/1000216246-847x1170.jpg\" alt=\"\" class=\"wp-image-15765\" srcset=\"https:\/\/www.lafresca.fm\/f-solosog\/2025\/07\/1000216246-847x1170.jpg 847w, https:\/\/www.lafresca.fm\/f-solosog\/2025\/07\/1000216246-558x770.jpg 558w, https:\/\/www.lafresca.fm\/f-solosog\/2025\/07\/1000216246-768x1061.jpg 768w, https:\/\/www.lafresca.fm\/f-solosog\/2025\/07\/1000216246-1112x1536.jpg 1112w, https:\/\/www.lafresca.fm\/f-solosog\/2025\/07\/1000216246-1483x2048.jpg 1483w, https:\/\/www.lafresca.fm\/f-solosog\/2025\/07\/1000216246-scaled.jpg 1854w\" sizes=\"(max-width: 847px) 100vw, 847px\" \/><\/figure>\n<script>function PlayerjsAsync(){} if(window[\"Playerjs\"]){PlayerjsAsync();}<\/script>","protected":false},"excerpt":{"rendered":"<p>La cuenta atr\u00e1s ha comenzado para una de las actividades m\u00e1s esperadas y divertidas de todo el a\u00f1o en Onil. Dentro del marco de la feria &#8220;Onil es Mostra&#8221;, que se celebra los d\u00edas 27, 28 y 29 de septiembre, regresa una cita que combina creatividad, humor y emoci\u00f3n a ...<\/p>\n","protected":false},"author":2,"featured_media":15766,"comment_status":"closed","ping_status":"closed","sticky":false,"template":"","format":"standard","meta":{"_monsterinsights_skip_tracking":false,"_monsterinsights_sitenote_active":false,"_monsterinsights_sitenote_note":"","_monsterinsights_sitenote_category":0,"footnotes":""},"categories":[4],"tags":[133],"class_list":["post-15764","post","type-post","status-publish","format-standard","has-post-thumbnail","hentry","category-alicante","tag-onil"],"aioseo_notices":[],"_links":{"self":[{"href":"https:\/\/www.lafresca.fm\/fresca-api-json\/wp\/v2\/posts\/15764","targetHints":{"allow":["GET"]}}],"collection":[{"href":"https:\/\/www.lafresca.fm\/fresca-api-json\/wp\/v2\/posts"}],"about":[{"href":"https:\/\/www.lafresca.fm\/fresca-api-json\/wp\/v2\/types\/post"}],"author":[{"embeddable":true,"href":"https:\/\/www.lafresca.fm\/fresca-api-json\/wp\/v2\/users\/2"}],"replies":[{"embeddable":true,"href":"https:\/\/www.lafresca.fm\/fresca-api-json\/wp\/v2\/comments?post=15764"}],"version-history":[{"count":3,"href":"https:\/\/www.lafresca.fm\/fresca-api-json\/wp\/v2\/posts\/15764\/revisions"}],"predecessor-version":[{"id":15773,"href":"https:\/\/www.lafresca.fm\/fresca-api-json\/wp\/v2\/posts\/15764\/revisions\/15773"}],"wp:featuredmedia":[{"embeddable":true,"href":"https:\/\/www.lafresca.fm\/fresca-api-json\/wp\/v2\/media\/15766"}],"wp:attachment":[{"href":"https:\/\/www.lafresca.fm\/fresca-api-json\/wp\/v2\/media?parent=15764"}],"wp:term":[{"taxonomy":"category","embeddable":true,"href":"https:\/\/www.lafresca.fm\/fresca-api-json\/wp\/v2\/categories?post=15764"},{"taxonomy":"post_tag","embeddable":true,"href":"https:\/\/www.lafresca.fm\/fresca-api-json\/wp\/v2\/tags?post=15764"}],"curies":[{"name":"wp","href":"https:\/\/api.w.org\/{rel}","templated":true}]}}