{"id":15768,"date":"2025-07-14T20:06:00","date_gmt":"2025-07-14T18:06:00","guid":{"rendered":"https:\/\/www.lafresca.fm\/?p=15768"},"modified":"2025-07-14T20:06:03","modified_gmt":"2025-07-14T18:06:03","slug":"onil-se-prepara-para-celebrar-la-tradicional-fiesta-del-carmen-este-sabado-19-de-julio","status":"publish","type":"post","link":"https:\/\/www.lafresca.fm\/onil-se-prepara-para-celebrar-la-tradicional-fiesta-del-carmen-este-sabado-19-de-julio\/","title":{"rendered":"Onil se prepara para celebrar la tradicional Fiesta del Carmen este s\u00e1bado 19 de julio"},"content":{"rendered":"\n<p>El pr\u00f3ximo <strong>s\u00e1bado 19 de julio<\/strong>, la Plaza del Carmen volver\u00e1 a convertirse en epicentro de encuentro, tradici\u00f3n y alegr\u00eda con la celebraci\u00f3n de la <strong>Fiesta del Carmen<\/strong>, una de las citas m\u00e1s entra\u00f1ables del calendario veraniego colivenco. Organizada por el <strong>Ayuntamiento de Onil<\/strong> en colaboraci\u00f3n con la <strong>Cofrad\u00eda de Santiago<\/strong>, esta jornada se enmarca dentro del programa estival <strong>\u201cEstiu al Carrer\u201d<\/strong>, que busca fomentar la vida en comunidad a trav\u00e9s de actividades al aire libre.<\/p>\n\n\n\n<p>La programaci\u00f3n arrancar\u00e1 a las <strong>19:00 horas<\/strong> con una <strong>misa en honor a la Virgen del Carmen<\/strong>, una figura muy venerada en el municipio. Acto seguido, de <strong>20:00 a 23:00 horas<\/strong>, se celebrar\u00e1 la popular cena \u201c<strong>Pa i Ratol\u00ed<\/strong>\u201d, donde los asistentes podr\u00e1n traer su propia comida y compartirla en las mesas y sillas que el Ayuntamiento dispondr\u00e1 para la ocasi\u00f3n. Una oportunidad para disfrutar en familia, con amistades o vecinos, en un ambiente distendido y lleno de cercan\u00eda.<\/p>\n\n\n\n<p>La velada culminar\u00e1 a partir de las <strong>23:00 horas<\/strong> con la esperada <strong>Verbena del Carmen<\/strong>, que este a\u00f1o estar\u00e1 amenizada por el conocido <strong>DJ Pardi<\/strong>, garantizando m\u00fasica, buen ambiente y baile hasta la madrugada.<\/p>\n\n\n\n<p>Todo tendr\u00e1 lugar en la <strong>Plaza del Carmen<\/strong>, un espacio emblem\u00e1tico de Onil que se llenar\u00e1 de vida, tradici\u00f3n y convivencia.<\/p>\n\n\n\n<figure class=\"wp-block-image size-large\"><img fetchpriority=\"high\" decoding=\"async\" width=\"827\" height=\"1170\" src=\"https:\/\/www.lafresca.fm\/f-solosog\/2025\/07\/onil-al-carrer-3-827x1170.png\" alt=\"\" class=\"wp-image-15769\" srcset=\"https:\/\/www.lafresca.fm\/f-solosog\/2025\/07\/onil-al-carrer-3-827x1170.png 827w, https:\/\/www.lafresca.fm\/f-solosog\/2025\/07\/onil-al-carrer-3-544x770.png 544w, https:\/\/www.lafresca.fm\/f-solosog\/2025\/07\/onil-al-carrer-3-768x1086.png 768w, https:\/\/www.lafresca.fm\/f-solosog\/2025\/07\/onil-al-carrer-3-1086x1536.png 1086w, https:\/\/www.lafresca.fm\/f-solosog\/2025\/07\/onil-al-carrer-3.png 1414w\" sizes=\"(max-width: 827px) 100vw, 827px\" \/><\/figure>\n<script>function PlayerjsAsync(){} if(window[\"Playerjs\"]){PlayerjsAsync();}<\/script>","protected":false},"excerpt":{"rendered":"<p>El pr\u00f3ximo s\u00e1bado 19 de julio, la Plaza del Carmen volver\u00e1 a convertirse en epicentro de encuentro, tradici\u00f3n y alegr\u00eda con la celebraci\u00f3n de la Fiesta del Carmen, una de las citas m\u00e1s entra\u00f1ables del calendario veraniego colivenco. Organizada por el Ayuntamiento de Onil en colaboraci\u00f3n con la Cofrad\u00eda de ...<\/p>\n","protected":false},"author":2,"featured_media":15769,"comment_status":"closed","ping_status":"closed","sticky":false,"template":"","format":"standard","meta":{"_monsterinsights_skip_tracking":false,"_monsterinsights_sitenote_active":false,"_monsterinsights_sitenote_note":"","_monsterinsights_sitenote_category":0,"footnotes":""},"categories":[4],"tags":[133],"class_list":["post-15768","post","type-post","status-publish","format-standard","has-post-thumbnail","hentry","category-alicante","tag-onil"],"aioseo_notices":[],"_links":{"self":[{"href":"https:\/\/www.lafresca.fm\/fresca-api-json\/wp\/v2\/posts\/15768","targetHints":{"allow":["GET"]}}],"collection":[{"href":"https:\/\/www.lafresca.fm\/fresca-api-json\/wp\/v2\/posts"}],"about":[{"href":"https:\/\/www.lafresca.fm\/fresca-api-json\/wp\/v2\/types\/post"}],"author":[{"embeddable":true,"href":"https:\/\/www.lafresca.fm\/fresca-api-json\/wp\/v2\/users\/2"}],"replies":[{"embeddable":true,"href":"https:\/\/www.lafresca.fm\/fresca-api-json\/wp\/v2\/comments?post=15768"}],"version-history":[{"count":1,"href":"https:\/\/www.lafresca.fm\/fresca-api-json\/wp\/v2\/posts\/15768\/revisions"}],"predecessor-version":[{"id":15771,"href":"https:\/\/www.lafresca.fm\/fresca-api-json\/wp\/v2\/posts\/15768\/revisions\/15771"}],"wp:featuredmedia":[{"embeddable":true,"href":"https:\/\/www.lafresca.fm\/fresca-api-json\/wp\/v2\/media\/15769"}],"wp:attachment":[{"href":"https:\/\/www.lafresca.fm\/fresca-api-json\/wp\/v2\/media?parent=15768"}],"wp:term":[{"taxonomy":"category","embeddable":true,"href":"https:\/\/www.lafresca.fm\/fresca-api-json\/wp\/v2\/categories?post=15768"},{"taxonomy":"post_tag","embeddable":true,"href":"https:\/\/www.lafresca.fm\/fresca-api-json\/wp\/v2\/tags?post=15768"}],"curies":[{"name":"wp","href":"https:\/\/api.w.org\/{rel}","templated":true}]}}