{"id":15774,"date":"2025-07-15T15:49:10","date_gmt":"2025-07-15T13:49:10","guid":{"rendered":"https:\/\/www.lafresca.fm\/?p=15774"},"modified":"2025-07-15T15:49:13","modified_gmt":"2025-07-15T13:49:13","slug":"la-reina-y-damas-de-tibi-comparten-su-ilusion-en-unas-fiestas-marcadas-por-la-tradicion-y-el-50-aniversario-del-reinado","status":"publish","type":"post","link":"https:\/\/www.lafresca.fm\/la-reina-y-damas-de-tibi-comparten-su-ilusion-en-unas-fiestas-marcadas-por-la-tradicion-y-el-50-aniversario-del-reinado\/","title":{"rendered":"La reina y damas de Tibi comparten su ilusi\u00f3n en unas fiestas marcadas por la tradici\u00f3n y el 50 aniversario del reinado"},"content":{"rendered":"\n<figure class=\"wp-block-audio\"><audio controls src=\"https:\/\/www.lafresca.fm\/f-solosog\/2025\/07\/Enrevista-Fiestas-de-Tibi-15725.mp3\"><\/audio><\/figure>\n\n\n\n<p><br>La localidad de Tibi ya se encuentra inmersa en la celebraci\u00f3n de sus tradicionales Fiestas Patronales en honor a Santa Mar\u00eda Magdalena, que se celebran del 14 al 25 de julio. Un calendario repleto de actos festivos, religiosos y culturales que congrega a vecinos, pe\u00f1as y visitantes en un ambiente de alegr\u00eda y tradici\u00f3n.<\/p>\n\n\n\n<p>Este martes, la reina de las fiestas, J\u00falia Calatayud Mira, acompa\u00f1ada por sus damas Laura Garc\u00eda Mira, Laura Carbonell Cerd\u00e1, Vania Rico Ucl\u00e9s y Alba P\u00e9rez Garrig\u00f3s, nos han compartido sus vivencias e impresiones sobre estos d\u00edas tan especiales. Todas ellas coincidieron en la ilusi\u00f3n que les motiv\u00f3 a presentarse al reinado hace cerca de 10 a\u00f1os y en la emoci\u00f3n vivida durante los actos ya celebrados, como la proclamaci\u00f3n oficial del pasado 5 de julio. Tambi\u00e9n expresaron su entusiasmo ante los eventos que a\u00fan est\u00e1n por venir, especialmente los d\u00edas grandes de la fiesta.<\/p>\n\n\n\n<figure class=\"wp-block-image size-large\"><img fetchpriority=\"high\" decoding=\"async\" width=\"1170\" height=\"878\" src=\"https:\/\/www.lafresca.fm\/f-solosog\/2025\/07\/reina-damas-y-ayto-de-Tibi.-15725-1170x878.jpg\" alt=\"\" class=\"wp-image-15775\" srcset=\"https:\/\/www.lafresca.fm\/f-solosog\/2025\/07\/reina-damas-y-ayto-de-Tibi.-15725-1170x878.jpg 1170w, https:\/\/www.lafresca.fm\/f-solosog\/2025\/07\/reina-damas-y-ayto-de-Tibi.-15725-770x578.jpg 770w, https:\/\/www.lafresca.fm\/f-solosog\/2025\/07\/reina-damas-y-ayto-de-Tibi.-15725-768x576.jpg 768w, https:\/\/www.lafresca.fm\/f-solosog\/2025\/07\/reina-damas-y-ayto-de-Tibi.-15725-1536x1152.jpg 1536w, https:\/\/www.lafresca.fm\/f-solosog\/2025\/07\/reina-damas-y-ayto-de-Tibi.-15725.jpg 2048w\" sizes=\"(max-width: 1170px) 100vw, 1170px\" \/><\/figure>\n\n\n\n<p>Desde el plano institucional, el alcalde de Tibi, Jos\u00e9 Luis Candela, y la regidora de Fiestas, Estela Castell\u00f3, destacaron la importancia de mantener viva esta tradici\u00f3n y el esfuerzo colectivo que supone organizar unas fiestas de esta magnitud. Uno de los momentos m\u00e1s emotivos fue el acto conmemorativo del 50 aniversario del primer reinado, que reuni\u00f3 a cerca de 170 personas entre antiguas reinas y damas, en un encuentro cargado de recuerdos y emociones.<\/p>\n\n\n\n<p>Entre los eventos m\u00e1s esperados, destaca el inicio de los actos de vaca, que arrancar\u00e1n el lunes 21 de julio con <strong>l&#8217;Entr\u00e0 de les Vaques<\/strong>, declarada Fiesta de Inter\u00e9s Tur\u00edstico Local. Adem\u00e1s, se celebrar\u00e1n diversas sesiones de vaca, desfiles de pe\u00f1as, desfile de disfraces, juegos infantiles, bailes con orquesta y otras muchas actividades pensadas para todas las edades.<\/p>\n\n\n\n<p>Las Fiestas de Tibi, que combinan historia, cultura y devoci\u00f3n, vuelven a ser una cita imprescindible para todos aquellos que quieren disfrutar del verano en un ambiente festivo, acogedor y profundamente arraigado en la tradici\u00f3n local.<\/p>\n\n\n\n<p><strong><em>PROGRAMA DE ACTOS<\/em><\/strong>: <\/p>\n\n\n\n<div data-wp-interactive=\"core\/file\" class=\"wp-block-file\"><object data-wp-bind--hidden=\"!state.hasPdfPreview\" hidden class=\"wp-block-file__embed\" data=\"https:\/\/www.lafresca.fm\/f-solosog\/2025\/07\/HorarioFiestas.pdf\" type=\"application\/pdf\" style=\"width:100%;height:600px\" aria-label=\"Incrustado de HorarioFiestas.\"><\/object><a id=\"wp-block-file--media-3b4ee28d-2160-4b04-bde4-7244c0dd85ec\" href=\"https:\/\/www.lafresca.fm\/f-solosog\/2025\/07\/HorarioFiestas.pdf\">HorarioFiestas<\/a><a href=\"https:\/\/www.lafresca.fm\/f-solosog\/2025\/07\/HorarioFiestas.pdf\" class=\"wp-block-file__button wp-element-button\" download aria-describedby=\"wp-block-file--media-3b4ee28d-2160-4b04-bde4-7244c0dd85ec\">Descarga<\/a><\/div>\n<script>function PlayerjsAsync(){} if(window[\"Playerjs\"]){PlayerjsAsync();}<\/script>","protected":false},"excerpt":{"rendered":"<p>La localidad de Tibi ya se encuentra inmersa en la celebraci\u00f3n de sus tradicionales Fiestas Patronales en honor a Santa Mar\u00eda Magdalena, que se celebran del 14 al 25 de julio. Un calendario repleto de actos festivos, religiosos y culturales que congrega a vecinos, pe\u00f1as y visitantes en un ambiente ...<\/p>\n","protected":false},"author":2,"featured_media":15775,"comment_status":"closed","ping_status":"closed","sticky":false,"template":"","format":"standard","meta":{"_monsterinsights_skip_tracking":false,"_monsterinsights_sitenote_active":false,"_monsterinsights_sitenote_note":"","_monsterinsights_sitenote_category":0,"footnotes":""},"categories":[4],"tags":[171,170,864],"class_list":["post-15774","post","type-post","status-publish","format-standard","has-post-thumbnail","hentry","category-alicante","tag-fiestas-de-tibi","tag-tibi","tag-vaca-tibi-2025"],"aioseo_notices":[],"_links":{"self":[{"href":"https:\/\/www.lafresca.fm\/fresca-api-json\/wp\/v2\/posts\/15774","targetHints":{"allow":["GET"]}}],"collection":[{"href":"https:\/\/www.lafresca.fm\/fresca-api-json\/wp\/v2\/posts"}],"about":[{"href":"https:\/\/www.lafresca.fm\/fresca-api-json\/wp\/v2\/types\/post"}],"author":[{"embeddable":true,"href":"https:\/\/www.lafresca.fm\/fresca-api-json\/wp\/v2\/users\/2"}],"replies":[{"embeddable":true,"href":"https:\/\/www.lafresca.fm\/fresca-api-json\/wp\/v2\/comments?post=15774"}],"version-history":[{"count":1,"href":"https:\/\/www.lafresca.fm\/fresca-api-json\/wp\/v2\/posts\/15774\/revisions"}],"predecessor-version":[{"id":15778,"href":"https:\/\/www.lafresca.fm\/fresca-api-json\/wp\/v2\/posts\/15774\/revisions\/15778"}],"wp:featuredmedia":[{"embeddable":true,"href":"https:\/\/www.lafresca.fm\/fresca-api-json\/wp\/v2\/media\/15775"}],"wp:attachment":[{"href":"https:\/\/www.lafresca.fm\/fresca-api-json\/wp\/v2\/media?parent=15774"}],"wp:term":[{"taxonomy":"category","embeddable":true,"href":"https:\/\/www.lafresca.fm\/fresca-api-json\/wp\/v2\/categories?post=15774"},{"taxonomy":"post_tag","embeddable":true,"href":"https:\/\/www.lafresca.fm\/fresca-api-json\/wp\/v2\/tags?post=15774"}],"curies":[{"name":"wp","href":"https:\/\/api.w.org\/{rel}","templated":true}]}}