{"id":15781,"date":"2025-07-16T09:26:42","date_gmt":"2025-07-16T07:26:42","guid":{"rendered":"https:\/\/www.lafresca.fm\/?p=15781"},"modified":"2025-07-16T09:26:45","modified_gmt":"2025-07-16T07:26:45","slug":"onil-celebra-su-tradicional-festividad-de-santa-ana-el-25-y-26-de-julio-con-actividades-para-todos-los-publicos","status":"publish","type":"post","link":"https:\/\/www.lafresca.fm\/onil-celebra-su-tradicional-festividad-de-santa-ana-el-25-y-26-de-julio-con-actividades-para-todos-los-publicos\/","title":{"rendered":"Onil celebra su tradicional Festividad de Santa Ana el 25 y 26 de julio con actividades para todos los p\u00fablicos"},"content":{"rendered":"\n<p>Onil se prepara para vivir uno de los eventos m\u00e1s esperados de su calendario festivo: la <strong>Festividad de Santa Ana<\/strong>, que este a\u00f1o contar\u00e1 con una programaci\u00f3n ampliada durante los d\u00edas <strong>25 y 26 de julio<\/strong>, en la emblem\u00e1tica zona recreativa de Santa Ana.<\/p>\n\n\n\n<p>El <strong>Ayuntamiento de Onil<\/strong> ha apostado este a\u00f1o por ofrecer una experiencia m\u00e1s completa y participativa, extendiendo la celebraci\u00f3n a la v\u00edspera del d\u00eda grande. Durante ambas jornadas, los asistentes podr\u00e1n disfrutar de un ambiente familiar y festivo, con una variada oferta gastron\u00f3mica gracias a los <em>food trucks<\/em> y barras de bebidas que estar\u00e1n instaladas en el recinto.<\/p>\n\n\n\n<h3 class=\"wp-block-heading\"><strong>Viernes 25 de julio \u2013 V\u00edspera de Santa Ana<\/strong><\/h3>\n\n\n\n<p>La fiesta comenzar\u00e1 el viernes por la tarde con la apertura de las zonas de comida y bebida. A las <strong>22:00 h<\/strong>, los asistentes podr\u00e1n disfrutar del <strong>concierto en directo de Enjoy<\/strong>, seguido por una <strong>sesi\u00f3n remember<\/strong> a cargo de <strong>DJ Pardi<\/strong>. <\/p>\n\n\n\n<h3 class=\"wp-block-heading\"><strong>S\u00e1bado 26 de julio \u2013 D\u00eda de Santa Ana<\/strong><\/h3>\n\n\n\n<p>El s\u00e1bado, la festividad alcanzar\u00e1 su punto \u00e1lgido con la celebraci\u00f3n religiosa. A las <strong>19:30 h<\/strong> tendr\u00e1 lugar la tradicional <strong>misa en honor a Santa Ana y San Joaqu\u00edn<\/strong>, a la que seguir\u00e1 una divertida sesi\u00f3n de <strong>juegos populares para todas las edades<\/strong>.<\/p>\n\n\n\n<p>La jornada continuar\u00e1 con la opci\u00f3n de cenar en los <em>food trucks<\/em>, en un ambiente animado que desembocar\u00e1 en uno de los momentos m\u00e1s esperados del fin de semana: la verbena nocturna.<\/p>\n\n\n\n<p>A partir de las <strong>23:30 h<\/strong>, dar\u00e1 comienzo la verbena <strong>\u201cSanta Ana Amanece\u201d<\/strong>, que contar\u00e1 con las actuaciones de tres DJs destacados en el panorama musical actual:<\/p>\n\n\n\n<ul class=\"wp-block-list\">\n<li><strong>Tiger Fighter<\/strong><\/li>\n\n\n\n<li><strong>Jos\u00e9 G\u00e1zquez<\/strong><\/li>\n\n\n\n<li><strong>Henry Flay<\/strong><\/li>\n<\/ul>\n\n\n\n<figure class=\"wp-block-gallery has-nested-images columns-default is-cropped wp-block-gallery-1 is-layout-flex wp-block-gallery-is-layout-flex\">\n<figure class=\"wp-block-image size-large\"><img fetchpriority=\"high\" decoding=\"async\" width=\"936\" height=\"1170\" data-id=\"15784\" src=\"https:\/\/www.lafresca.fm\/f-solosog\/2025\/07\/WhatsApp-Image-2025-07-15-at-20.14.10-936x1170.jpeg\" alt=\"\" class=\"wp-image-15784\" srcset=\"https:\/\/www.lafresca.fm\/f-solosog\/2025\/07\/WhatsApp-Image-2025-07-15-at-20.14.10-936x1170.jpeg 936w, https:\/\/www.lafresca.fm\/f-solosog\/2025\/07\/WhatsApp-Image-2025-07-15-at-20.14.10-616x770.jpeg 616w, https:\/\/www.lafresca.fm\/f-solosog\/2025\/07\/WhatsApp-Image-2025-07-15-at-20.14.10-768x960.jpeg 768w, https:\/\/www.lafresca.fm\/f-solosog\/2025\/07\/WhatsApp-Image-2025-07-15-at-20.14.10-1229x1536.jpeg 1229w, https:\/\/www.lafresca.fm\/f-solosog\/2025\/07\/WhatsApp-Image-2025-07-15-at-20.14.10-1638x2048.jpeg 1638w, https:\/\/www.lafresca.fm\/f-solosog\/2025\/07\/WhatsApp-Image-2025-07-15-at-20.14.10-scaled.jpeg 2048w\" sizes=\"(max-width: 936px) 100vw, 936px\" \/><\/figure>\n<\/figure>\n\n\n\n<figure class=\"wp-block-image size-large\"><img decoding=\"async\" width=\"936\" height=\"1170\" src=\"https:\/\/www.lafresca.fm\/f-solosog\/2025\/07\/WhatsApp-Image-2025-07-15-at-20.14.12-936x1170.jpeg\" alt=\"\" class=\"wp-image-15783\" srcset=\"https:\/\/www.lafresca.fm\/f-solosog\/2025\/07\/WhatsApp-Image-2025-07-15-at-20.14.12-936x1170.jpeg 936w, https:\/\/www.lafresca.fm\/f-solosog\/2025\/07\/WhatsApp-Image-2025-07-15-at-20.14.12-616x770.jpeg 616w, https:\/\/www.lafresca.fm\/f-solosog\/2025\/07\/WhatsApp-Image-2025-07-15-at-20.14.12-768x960.jpeg 768w, https:\/\/www.lafresca.fm\/f-solosog\/2025\/07\/WhatsApp-Image-2025-07-15-at-20.14.12-1229x1536.jpeg 1229w, https:\/\/www.lafresca.fm\/f-solosog\/2025\/07\/WhatsApp-Image-2025-07-15-at-20.14.12-1638x2048.jpeg 1638w, https:\/\/www.lafresca.fm\/f-solosog\/2025\/07\/WhatsApp-Image-2025-07-15-at-20.14.12-scaled.jpeg 2048w\" sizes=\"(max-width: 936px) 100vw, 936px\" \/><\/figure>\n\n\n\n<figure class=\"wp-block-image size-large\"><img decoding=\"async\" width=\"936\" height=\"1170\" src=\"https:\/\/www.lafresca.fm\/f-solosog\/2025\/07\/WhatsApp-Image-2025-07-15-at-20.14.16-936x1170.jpeg\" alt=\"\" class=\"wp-image-15782\" srcset=\"https:\/\/www.lafresca.fm\/f-solosog\/2025\/07\/WhatsApp-Image-2025-07-15-at-20.14.16-936x1170.jpeg 936w, https:\/\/www.lafresca.fm\/f-solosog\/2025\/07\/WhatsApp-Image-2025-07-15-at-20.14.16-616x770.jpeg 616w, https:\/\/www.lafresca.fm\/f-solosog\/2025\/07\/WhatsApp-Image-2025-07-15-at-20.14.16-768x960.jpeg 768w, https:\/\/www.lafresca.fm\/f-solosog\/2025\/07\/WhatsApp-Image-2025-07-15-at-20.14.16-1229x1536.jpeg 1229w, https:\/\/www.lafresca.fm\/f-solosog\/2025\/07\/WhatsApp-Image-2025-07-15-at-20.14.16-1638x2048.jpeg 1638w, https:\/\/www.lafresca.fm\/f-solosog\/2025\/07\/WhatsApp-Image-2025-07-15-at-20.14.16-scaled.jpeg 2048w\" sizes=\"(max-width: 936px) 100vw, 936px\" \/><\/figure>\n<script>function PlayerjsAsync(){} if(window[\"Playerjs\"]){PlayerjsAsync();}<\/script>","protected":false},"excerpt":{"rendered":"<p>Onil se prepara para vivir uno de los eventos m\u00e1s esperados de su calendario festivo: la Festividad de Santa Ana, que este a\u00f1o contar\u00e1 con una programaci\u00f3n ampliada durante los d\u00edas 25 y 26 de julio, en la emblem\u00e1tica zona recreativa de Santa Ana. El Ayuntamiento de Onil ha apostado ...<\/p>\n","protected":false},"author":2,"featured_media":15783,"comment_status":"closed","ping_status":"closed","sticky":false,"template":"","format":"standard","meta":{"_monsterinsights_skip_tracking":false,"_monsterinsights_sitenote_active":false,"_monsterinsights_sitenote_note":"","_monsterinsights_sitenote_category":0,"footnotes":""},"categories":[4],"tags":[133],"class_list":["post-15781","post","type-post","status-publish","format-standard","has-post-thumbnail","hentry","category-alicante","tag-onil"],"aioseo_notices":[],"_links":{"self":[{"href":"https:\/\/www.lafresca.fm\/fresca-api-json\/wp\/v2\/posts\/15781","targetHints":{"allow":["GET"]}}],"collection":[{"href":"https:\/\/www.lafresca.fm\/fresca-api-json\/wp\/v2\/posts"}],"about":[{"href":"https:\/\/www.lafresca.fm\/fresca-api-json\/wp\/v2\/types\/post"}],"author":[{"embeddable":true,"href":"https:\/\/www.lafresca.fm\/fresca-api-json\/wp\/v2\/users\/2"}],"replies":[{"embeddable":true,"href":"https:\/\/www.lafresca.fm\/fresca-api-json\/wp\/v2\/comments?post=15781"}],"version-history":[{"count":1,"href":"https:\/\/www.lafresca.fm\/fresca-api-json\/wp\/v2\/posts\/15781\/revisions"}],"predecessor-version":[{"id":15785,"href":"https:\/\/www.lafresca.fm\/fresca-api-json\/wp\/v2\/posts\/15781\/revisions\/15785"}],"wp:featuredmedia":[{"embeddable":true,"href":"https:\/\/www.lafresca.fm\/fresca-api-json\/wp\/v2\/media\/15783"}],"wp:attachment":[{"href":"https:\/\/www.lafresca.fm\/fresca-api-json\/wp\/v2\/media?parent=15781"}],"wp:term":[{"taxonomy":"category","embeddable":true,"href":"https:\/\/www.lafresca.fm\/fresca-api-json\/wp\/v2\/categories?post=15781"},{"taxonomy":"post_tag","embeddable":true,"href":"https:\/\/www.lafresca.fm\/fresca-api-json\/wp\/v2\/tags?post=15781"}],"curies":[{"name":"wp","href":"https:\/\/api.w.org\/{rel}","templated":true}]}}