{"id":15786,"date":"2025-07-16T10:56:20","date_gmt":"2025-07-16T08:56:20","guid":{"rendered":"https:\/\/www.lafresca.fm\/?p=15786"},"modified":"2025-07-16T10:56:22","modified_gmt":"2025-07-16T08:56:22","slug":"ibi-presente-en-la-cuarta-jornada-de-arte-educacion-pensamiento-y-cultura-en-granollers","status":"publish","type":"post","link":"https:\/\/www.lafresca.fm\/ibi-presente-en-la-cuarta-jornada-de-arte-educacion-pensamiento-y-cultura-en-granollers\/","title":{"rendered":"Ibi presente en la cuarta Jornada de Arte, Educaci\u00f3n, Pensamiento y Cultura en Granollers"},"content":{"rendered":"\n<ul class=\"wp-block-list\">\n<li>Profesionales de diversas instituciones debaten en Granollers sobre educaci\u00f3n y cultura.<\/li>\n<\/ul>\n\n\n\n<p>Cuarta Jornada de Arte, Educaci\u00f3n, Pensamiento y Cultura<\/p>\n\n\n\n<p>Granollers coordina durante dos a\u00f1os (2024-2025) el \u00e1rea centrada en educaci\u00f3n y cultura de la Red Estatal de Ciudades Educadoras (RECE). Una cuarentena de instituciones culturales como el Centro de Cultura Contempor\u00e1nea de Barcelona (CCCB), el Museo Nacional de Arte de Catalu\u00f1a (MNAC), la Fundaci\u00f3n Joan Mir\u00f3, el Museo Picasso, el Gran Teatro del Liceo, el Museo del Prado o las redes de museos de Lugo, junto con representantes pol\u00edticos de una treintena de municipios que forman parte de esta \u00e1rea tem\u00e1tica de la RECE, a la que Ibi pertenece desde 1990, se reunieron el pasado viernes, 11 de julio, con el objetivo de construir ciudades m\u00e1s inclusivas y favorecer la formaci\u00f3n de una ciudadan\u00eda m\u00e1s cr\u00edtica y m\u00e1s creativa.<\/p>\n\n\n\n<p>La jornada, organizada por el Ayuntamiento de Granollers con la colaboraci\u00f3n de la Diputaci\u00f3n de Barcelona, incluy\u00f3 conferencias, di\u00e1logos y mesas de trabajo con profesionales de diversos \u00e1mbitos. El municipio de Ibi particip\u00f3 activamente en estas jornadas a trav\u00e9s de la coordinadora de Educaci\u00f3n, Pilar Gim\u00e9nez.<\/p>\n\n\n\n<figure class=\"wp-block-image size-large\"><img fetchpriority=\"high\" decoding=\"async\" width=\"1170\" height=\"780\" src=\"https:\/\/www.lafresca.fm\/f-solosog\/2025\/07\/xarxatematica2025-1170x780.jpeg\" alt=\"\" class=\"wp-image-15787\" srcset=\"https:\/\/www.lafresca.fm\/f-solosog\/2025\/07\/xarxatematica2025-1170x780.jpeg 1170w, https:\/\/www.lafresca.fm\/f-solosog\/2025\/07\/xarxatematica2025-770x513.jpeg 770w, https:\/\/www.lafresca.fm\/f-solosog\/2025\/07\/xarxatematica2025-768x512.jpeg 768w, https:\/\/www.lafresca.fm\/f-solosog\/2025\/07\/xarxatematica2025-1536x1024.jpeg 1536w, https:\/\/www.lafresca.fm\/f-solosog\/2025\/07\/xarxatematica2025.jpeg 1600w\" sizes=\"(max-width: 1170px) 100vw, 1170px\" \/><\/figure>\n\n\n\n<p>El programa lo inci\u00f3 Guillem D\u2019EfaK, responsable de Acci\u00f3n Comunitaria, Programas P\u00fablicos y Comunicaci\u00f3n del Museo Nacional de Arte de Catalu\u00f1a (MNAC), con la conferencia \u201cEl museo como activo de salud y bienestar individual y comunitario\u201d.<\/p>\n\n\n\n<p>A continuaci\u00f3n, se desarrollaron las mesas de trabajo y el di\u00e1logo con Ana Moreno, coordinadora general de Educaci\u00f3n y Acci\u00f3n Cultural del Museo del Prado, y Encarna Lago, gerente de la red muse\u00edstica provincial de Lugo.<\/p>\n\n\n\n<p>El programa finaliz\u00f3 con una din\u00e1mica y la conferencia \u201cEl arte de ser humanos: c\u00f3mo las artes expanden el pensamiento\u201d de David Bueno, neurocient\u00edfico y divulgador cient\u00edfico especializado en neurociencia y educaci\u00f3n.<\/p>\n\n\n\n<p>Encuentro de ciudades de la Red<\/p>\n\n\n\n<p>El d\u00eda anterior, jueves 10 de julio, el Ayuntamiento de Granollers organiz\u00f3 un encuentro de las ciudades que forman parte de la RECE. La sesi\u00f3n comenz\u00f3 con la conferencia \u201cQu\u00e9 mundo somos capaces de construir: del \u2018yo\u2019 a la comunidad\u201d de Agn\u00e8s Boixader, profesora, licenciada en Filosof\u00eda y Letras y doctora en Did\u00e1ctica de las Ciencias Sociales. A continuaci\u00f3n, tuvieron lugar las mesas de trabajo y se pusieron en com\u00fan las conclusiones de la Red Tem\u00e1tica y las propuestas para la segunda fase, as\u00ed como el coloquio para la propuesta de presentaci\u00f3n en Viladecans. La jornada concluy\u00f3 con una visita al Museo de Granollers y una cena en el Teatro Auditorio de Granollers.<\/p>\n\n\n\n<p>La edil de Eduaci\u00f3n del Ayuntamiento de Ibi, Paula Peidr\u00f3, explicaba que &#8220;desde Ibi, venimos trabajando desde hace a\u00f1os en una l\u00ednea clara: poner la infancia, la educaci\u00f3n y la cultura en el centro de nuestras pol\u00edticas p\u00fablicas. Participar en esta jornada ha reforzado nuestra convicci\u00f3n de que las ciudades educadoras deben ser espacios vivos, que escuchen, cuiden y den voz a sus comunidades. Intercambiar experiencias con otras ciudades y con instituciones de referencia nos impulsa a seguir construyendo un Ibi mejor&#8221;.<\/p>\n<script>function PlayerjsAsync(){} if(window[\"Playerjs\"]){PlayerjsAsync();}<\/script>","protected":false},"excerpt":{"rendered":"<p>Cuarta Jornada de Arte, Educaci\u00f3n, Pensamiento y Cultura Granollers coordina durante dos a\u00f1os (2024-2025) el \u00e1rea centrada en educaci\u00f3n y cultura de la Red Estatal de Ciudades Educadoras (RECE). Una cuarentena de instituciones culturales como el Centro de Cultura Contempor\u00e1nea de Barcelona (CCCB), el Museo Nacional de Arte de Catalu\u00f1a ...<\/p>\n","protected":false},"author":2,"featured_media":15787,"comment_status":"closed","ping_status":"closed","sticky":false,"template":"","format":"standard","meta":{"_monsterinsights_skip_tracking":false,"_monsterinsights_sitenote_active":false,"_monsterinsights_sitenote_note":"","_monsterinsights_sitenote_category":0,"footnotes":""},"categories":[4],"tags":[128],"class_list":["post-15786","post","type-post","status-publish","format-standard","has-post-thumbnail","hentry","category-alicante","tag-ibi"],"aioseo_notices":[],"_links":{"self":[{"href":"https:\/\/www.lafresca.fm\/fresca-api-json\/wp\/v2\/posts\/15786","targetHints":{"allow":["GET"]}}],"collection":[{"href":"https:\/\/www.lafresca.fm\/fresca-api-json\/wp\/v2\/posts"}],"about":[{"href":"https:\/\/www.lafresca.fm\/fresca-api-json\/wp\/v2\/types\/post"}],"author":[{"embeddable":true,"href":"https:\/\/www.lafresca.fm\/fresca-api-json\/wp\/v2\/users\/2"}],"replies":[{"embeddable":true,"href":"https:\/\/www.lafresca.fm\/fresca-api-json\/wp\/v2\/comments?post=15786"}],"version-history":[{"count":1,"href":"https:\/\/www.lafresca.fm\/fresca-api-json\/wp\/v2\/posts\/15786\/revisions"}],"predecessor-version":[{"id":15788,"href":"https:\/\/www.lafresca.fm\/fresca-api-json\/wp\/v2\/posts\/15786\/revisions\/15788"}],"wp:featuredmedia":[{"embeddable":true,"href":"https:\/\/www.lafresca.fm\/fresca-api-json\/wp\/v2\/media\/15787"}],"wp:attachment":[{"href":"https:\/\/www.lafresca.fm\/fresca-api-json\/wp\/v2\/media?parent=15786"}],"wp:term":[{"taxonomy":"category","embeddable":true,"href":"https:\/\/www.lafresca.fm\/fresca-api-json\/wp\/v2\/categories?post=15786"},{"taxonomy":"post_tag","embeddable":true,"href":"https:\/\/www.lafresca.fm\/fresca-api-json\/wp\/v2\/tags?post=15786"}],"curies":[{"name":"wp","href":"https:\/\/api.w.org\/{rel}","templated":true}]}}