{"id":15789,"date":"2025-07-16T13:13:49","date_gmt":"2025-07-16T11:13:49","guid":{"rendered":"https:\/\/www.lafresca.fm\/?p=15789"},"modified":"2025-07-16T13:13:51","modified_gmt":"2025-07-16T11:13:51","slug":"una-vida-entre-musica-docencia-y-compromiso-despedida-de-merce-mira-como-presidenta-del-centro-instructivo-musical-de-onil","status":"publish","type":"post","link":"https:\/\/www.lafresca.fm\/una-vida-entre-musica-docencia-y-compromiso-despedida-de-merce-mira-como-presidenta-del-centro-instructivo-musical-de-onil\/","title":{"rendered":"Una vida entre m\u00fasica, docencia y compromiso: despedida de Merce Mira como presidenta del Centro Instructivo Musical de Onil"},"content":{"rendered":"\n<figure class=\"wp-block-audio\"><audio controls src=\"https:\/\/www.lafresca.fm\/f-solosog\/2025\/07\/Enrevista-Merce-Mira-167-25.mp3\"><\/audio><\/figure>\n\n\n\n<p>Este jueves 17 de julio a las 19:00 h, el Centre Instructiu Musical d\u2019Onil (CIMO) celebra una asamblea clave para su futuro inmediato. En ella se formalizar\u00e1 la dimisi\u00f3n de la actual Junta Directiva, presidida por Merce Mira durante los \u00faltimos 14 a\u00f1os, y se abrir\u00e1 el proceso electoral para escoger una nueva direcci\u00f3n de la entidad. Adem\u00e1s, se presentar\u00e1 el informe econ\u00f3mico y se informar\u00e1 sobre los primeros avances de la Comisi\u00f3n Organizadora del 150 aniversario del CIMO, que se celebrar\u00e1 en 2026.<\/p>\n\n\n\n<figure class=\"wp-block-image size-large\"><img fetchpriority=\"high\" decoding=\"async\" width=\"1170\" height=\"878\" src=\"https:\/\/www.lafresca.fm\/f-solosog\/2025\/07\/merce-mira-16725-1170x878.jpeg\" alt=\"\" class=\"wp-image-15791\" srcset=\"https:\/\/www.lafresca.fm\/f-solosog\/2025\/07\/merce-mira-16725-1170x878.jpeg 1170w, https:\/\/www.lafresca.fm\/f-solosog\/2025\/07\/merce-mira-16725-770x578.jpeg 770w, https:\/\/www.lafresca.fm\/f-solosog\/2025\/07\/merce-mira-16725-768x576.jpeg 768w, https:\/\/www.lafresca.fm\/f-solosog\/2025\/07\/merce-mira-16725-1536x1152.jpeg 1536w, https:\/\/www.lafresca.fm\/f-solosog\/2025\/07\/merce-mira-16725.jpeg 2048w\" sizes=\"(max-width: 1170px) 100vw, 1170px\" \/><\/figure>\n\n\n\n<p>En este contexto, hemos tenido la oportunidad de conversar con Merce Mira, quien cierra una etapa al frente del CIMO. La entrevista ha servido para repasar su trayectoria vinculada tanto a la m\u00fasica como al servicio p\u00fablico. Natural de Onil, Merce ha sido m\u00fasica activa en la banda durante d\u00e9cadas, profesora comprometida, alcaldesa del municipio entre 2005 y 2007, y recientemente ha sido nombrada directora del I.E.S La Creueta de Onil, en lo que supone un nuevo reto profesional dentro del \u00e1mbito educativo.<\/p>\n\n\n\n<p>Durante la entrevista, Merce ha valorado positivamente el trabajo realizado por la Junta Directiva en estos \u00faltimos a\u00f1os, destacando el esfuerzo colectivo por mantener viva la actividad cultural y musical del CIMO en tiempos especialmente complejos, como los vividos durante la pandemia. Tambi\u00e9n ha puesto en valor el compromiso de los socios y socias, as\u00ed como el papel fundamental de la escuela de m\u00fasica en la formaci\u00f3n de futuras generaciones.<\/p>\n\n\n\n<p>Respecto al 150 aniversario del Centre Instructiu Musical, Merce ha expresado su ilusi\u00f3n por ver c\u00f3mo toma forma una celebraci\u00f3n &#8220;a la altura de la historia y la importancia del CIMO en la vida cultural de Onil&#8221;. Ha animado a toda la ciudadan\u00eda a implicarse en este proyecto conmemorativo.<\/p>\n\n\n\n<p>La asamblea de este jueves no solo marcar\u00e1 el cierre de una etapa, sino que abrir\u00e1 una nueva con la elecci\u00f3n de un nuevo equipo directivo que tendr\u00e1 como principal reto seguir impulsando el papel del CIMO como referente cultural y musical en la comarca.<\/p>\n<script>function PlayerjsAsync(){} if(window[\"Playerjs\"]){PlayerjsAsync();}<\/script>","protected":false},"excerpt":{"rendered":"<p>Este jueves 17 de julio a las 19:00 h, el Centre Instructiu Musical d\u2019Onil (CIMO) celebra una asamblea clave para su futuro inmediato. En ella se formalizar\u00e1 la dimisi\u00f3n de la actual Junta Directiva, presidida por Merce Mira durante los \u00faltimos 14 a\u00f1os, y se abrir\u00e1 el proceso electoral para ...<\/p>\n","protected":false},"author":2,"featured_media":15791,"comment_status":"closed","ping_status":"closed","sticky":false,"template":"","format":"standard","meta":{"_monsterinsights_skip_tracking":false,"_monsterinsights_sitenote_active":false,"_monsterinsights_sitenote_note":"","_monsterinsights_sitenote_category":0,"footnotes":""},"categories":[4],"tags":[866,361,133],"class_list":["post-15789","post","type-post","status-publish","format-standard","has-post-thumbnail","hentry","category-alicante","tag-banda-de-onil","tag-cimo","tag-onil"],"aioseo_notices":[],"_links":{"self":[{"href":"https:\/\/www.lafresca.fm\/fresca-api-json\/wp\/v2\/posts\/15789","targetHints":{"allow":["GET"]}}],"collection":[{"href":"https:\/\/www.lafresca.fm\/fresca-api-json\/wp\/v2\/posts"}],"about":[{"href":"https:\/\/www.lafresca.fm\/fresca-api-json\/wp\/v2\/types\/post"}],"author":[{"embeddable":true,"href":"https:\/\/www.lafresca.fm\/fresca-api-json\/wp\/v2\/users\/2"}],"replies":[{"embeddable":true,"href":"https:\/\/www.lafresca.fm\/fresca-api-json\/wp\/v2\/comments?post=15789"}],"version-history":[{"count":1,"href":"https:\/\/www.lafresca.fm\/fresca-api-json\/wp\/v2\/posts\/15789\/revisions"}],"predecessor-version":[{"id":15792,"href":"https:\/\/www.lafresca.fm\/fresca-api-json\/wp\/v2\/posts\/15789\/revisions\/15792"}],"wp:featuredmedia":[{"embeddable":true,"href":"https:\/\/www.lafresca.fm\/fresca-api-json\/wp\/v2\/media\/15791"}],"wp:attachment":[{"href":"https:\/\/www.lafresca.fm\/fresca-api-json\/wp\/v2\/media?parent=15789"}],"wp:term":[{"taxonomy":"category","embeddable":true,"href":"https:\/\/www.lafresca.fm\/fresca-api-json\/wp\/v2\/categories?post=15789"},{"taxonomy":"post_tag","embeddable":true,"href":"https:\/\/www.lafresca.fm\/fresca-api-json\/wp\/v2\/tags?post=15789"}],"curies":[{"name":"wp","href":"https:\/\/api.w.org\/{rel}","templated":true}]}}