{"id":15805,"date":"2025-07-17T01:08:27","date_gmt":"2025-07-16T23:08:27","guid":{"rendered":"https:\/\/www.lafresca.fm\/?p=15805"},"modified":"2025-07-17T01:08:30","modified_gmt":"2025-07-16T23:08:30","slug":"el-escenario-principal-de-tomorrowland-completamente-destruido-por-un-incendio-a-dos-dias-de-su-apertura","status":"publish","type":"post","link":"https:\/\/www.lafresca.fm\/el-escenario-principal-de-tomorrowland-completamente-destruido-por-un-incendio-a-dos-dias-de-su-apertura\/","title":{"rendered":"El escenario principal de Tomorrowland, completamente destruido por un incendio a dos d\u00edas de su apertura"},"content":{"rendered":"\n<p>Graves noticias desde Boom, B\u00e9lgica: el <strong>Mainstage de Tomorrowland 2025 ha sido completamente destruido por un incendio<\/strong> ocurrido en la <strong>tarde del mi\u00e9rcoles 16 de julio<\/strong> durante unas <strong>pruebas t\u00e9cnicas previas al festival<\/strong>, que seg\u00fan apuntan fuentes locales, podr\u00edan haber estado relacionadas con pirotecnia.<\/p>\n\n\n\n<figure class=\"wp-block-image size-large\"><img fetchpriority=\"high\" decoding=\"async\" width=\"1170\" height=\"658\" src=\"https:\/\/www.lafresca.fm\/f-solosog\/2025\/07\/incendio-arrasa-escenario-principal-tomorrowland-pone-duda-celebracion-festival_96-1170x658.webp\" alt=\"\" class=\"wp-image-15809\" srcset=\"https:\/\/www.lafresca.fm\/f-solosog\/2025\/07\/incendio-arrasa-escenario-principal-tomorrowland-pone-duda-celebracion-festival_96-1170x658.webp 1170w, https:\/\/www.lafresca.fm\/f-solosog\/2025\/07\/incendio-arrasa-escenario-principal-tomorrowland-pone-duda-celebracion-festival_96-770x433.webp 770w, https:\/\/www.lafresca.fm\/f-solosog\/2025\/07\/incendio-arrasa-escenario-principal-tomorrowland-pone-duda-celebracion-festival_96-768x432.webp 768w, https:\/\/www.lafresca.fm\/f-solosog\/2025\/07\/incendio-arrasa-escenario-principal-tomorrowland-pone-duda-celebracion-festival_96.webp 1200w\" sizes=\"(max-width: 1170px) 100vw, 1170px\" \/><\/figure>\n\n\n\n<h3 class=\"wp-block-heading\">No hay heridos, pero los da\u00f1os son totales<\/h3>\n\n\n\n<p>Aunque no se han producido heridos, las llamas consumieron por completo el escenario principal, una de las estructuras m\u00e1s ic\u00f3nicas del festival. El fuego fue contenido tras varias horas de trabajo por parte de los equipos de emergencia, pero <strong>la organizaci\u00f3n ha confirmado que el Mainstage ha quedado totalmente inutilizado<\/strong>.<\/p>\n\n\n\n<h3 class=\"wp-block-heading\">El festival no ha sido cancelado, pero la organizaci\u00f3n trabaja a contrarreloj<\/h3>\n\n\n\n<p>Tomorrowland ha emitido un comunicado oficial confirmando que <strong>el festival no ha sido cancelado<\/strong>, aunque <strong>a\u00fan no ha detallado c\u00f3mo afectar\u00e1 este incidente a la programaci\u00f3n<\/strong> o a los shows previstos en ese escenario. La organizaci\u00f3n est\u00e1 evaluando la situaci\u00f3n y trabajando intensamente en posibles soluciones, aunque el desaf\u00edo es may\u00fasculo dada la proximidad del inicio.<\/p>\n\n\n\n<p>El \u00e1rea de acampada DreamVille mantiene de momento su apertura programada para este jueves.<\/p>\n\n\n\n<h3 class=\"wp-block-heading\">Expectaci\u00f3n ante una edici\u00f3n marcada por la incertidumbre<\/h3>\n\n\n\n<p>Con m\u00e1s de <strong>400.000 asistentes<\/strong> previstos y un cartel de primer nivel que incluye a <strong>David Guetta, Martin Garrix, Wade, Solomun, Amelie Lens o B Jones<\/strong>, la edici\u00f3n 2025 de Tomorrowland se enfrenta a un reto inesperado. La comunidad electr\u00f3nica internacional permanece en vilo ante los pr\u00f3ximos anuncios oficiales.<\/p>\n\n\n<div class=\"wp-block-image\">\n<figure class=\"aligncenter size-full is-resized\"><img decoding=\"async\" width=\"650\" height=\"1024\" src=\"https:\/\/www.lafresca.fm\/f-solosog\/2025\/07\/1f2dc82e7e41-gettyimages-2224701676-1.jpg\" alt=\"\" class=\"wp-image-15808\" style=\"width:303px;height:auto\" srcset=\"https:\/\/www.lafresca.fm\/f-solosog\/2025\/07\/1f2dc82e7e41-gettyimages-2224701676-1.jpg 650w, https:\/\/www.lafresca.fm\/f-solosog\/2025\/07\/1f2dc82e7e41-gettyimages-2224701676-1-489x770.jpg 489w\" sizes=\"(max-width: 650px) 100vw, 650px\" \/><\/figure>\n<\/div>\n\n\n<hr class=\"wp-block-separator has-alpha-channel-opacity\"\/>\n\n\n\n<p>En <strong>laFRESCA<\/strong> seguiremos muy de cerca cualquier novedad oficial relacionada con el festival. Si tienes previsto asistir, <strong>recomendamos estar atento a los canales oficiales de Tomorrowland<\/strong> y a nuestras actualizaciones informativas.<\/p>\n<script>function PlayerjsAsync(){} if(window[\"Playerjs\"]){PlayerjsAsync();}<\/script>","protected":false},"excerpt":{"rendered":"<p>El Mainstage de Tomorrowland 2025 ha sido completamente destruido por un incendio ocurrido en la tarde del mi\u00e9rcoles 16 de julio durante unas pruebas t\u00e9cnicas previas al festival, que seg\u00fan apuntan fuentes locales, podr\u00edan haber estado relacionadas con pirotecnia.<\/p>\n","protected":false},"author":3,"featured_media":15806,"comment_status":"closed","ping_status":"closed","sticky":false,"template":"","format":"standard","meta":{"_monsterinsights_skip_tracking":false,"_monsterinsights_sitenote_active":false,"_monsterinsights_sitenote_note":"","_monsterinsights_sitenote_category":0,"footnotes":""},"categories":[535,536,307,807,83,541,542],"tags":[116,197,867,808],"class_list":["post-15805","post","type-post","status-publish","format-standard","has-post-thumbnail","hentry","category-dj","category-electronic-music","category-espectaculos","category-festivales","category-giras-musicales","category-music","category-news","tag-festival","tag-incendio","tag-mainstage","tag-tomorrowland"],"aioseo_notices":[],"_links":{"self":[{"href":"https:\/\/www.lafresca.fm\/fresca-api-json\/wp\/v2\/posts\/15805","targetHints":{"allow":["GET"]}}],"collection":[{"href":"https:\/\/www.lafresca.fm\/fresca-api-json\/wp\/v2\/posts"}],"about":[{"href":"https:\/\/www.lafresca.fm\/fresca-api-json\/wp\/v2\/types\/post"}],"author":[{"embeddable":true,"href":"https:\/\/www.lafresca.fm\/fresca-api-json\/wp\/v2\/users\/3"}],"replies":[{"embeddable":true,"href":"https:\/\/www.lafresca.fm\/fresca-api-json\/wp\/v2\/comments?post=15805"}],"version-history":[{"count":1,"href":"https:\/\/www.lafresca.fm\/fresca-api-json\/wp\/v2\/posts\/15805\/revisions"}],"predecessor-version":[{"id":15810,"href":"https:\/\/www.lafresca.fm\/fresca-api-json\/wp\/v2\/posts\/15805\/revisions\/15810"}],"wp:featuredmedia":[{"embeddable":true,"href":"https:\/\/www.lafresca.fm\/fresca-api-json\/wp\/v2\/media\/15806"}],"wp:attachment":[{"href":"https:\/\/www.lafresca.fm\/fresca-api-json\/wp\/v2\/media?parent=15805"}],"wp:term":[{"taxonomy":"category","embeddable":true,"href":"https:\/\/www.lafresca.fm\/fresca-api-json\/wp\/v2\/categories?post=15805"},{"taxonomy":"post_tag","embeddable":true,"href":"https:\/\/www.lafresca.fm\/fresca-api-json\/wp\/v2\/tags?post=15805"}],"curies":[{"name":"wp","href":"https:\/\/api.w.org\/{rel}","templated":true}]}}