{"id":15811,"date":"2025-07-17T15:31:02","date_gmt":"2025-07-17T13:31:02","guid":{"rendered":"https:\/\/www.lafresca.fm\/?p=15811"},"modified":"2025-07-17T18:26:50","modified_gmt":"2025-07-17T16:26:50","slug":"onil-celebra-la-falla-de-sant-jaume-con-un-programa-lleno-de-tradicion-musica-y-fiesta-popular","status":"publish","type":"post","link":"https:\/\/www.lafresca.fm\/onil-celebra-la-falla-de-sant-jaume-con-un-programa-lleno-de-tradicion-musica-y-fiesta-popular\/","title":{"rendered":"Onil celebra la Falla de Sant Jaume con un programa lleno de tradici\u00f3n, m\u00fasica y fiesta popular"},"content":{"rendered":"\n<p>Onil se prepara para vivir <strong>la Falla de Sant Jaume<\/strong>, una celebraci\u00f3n que combina la tradici\u00f3n valenciana con el calor y la alegr\u00eda del pueblo colivenc, donde Esther Collado, ejercer\u00e1 el cargo de Fallera Mayor 2025 junto a Carlota Collado, como primera Fallera Mayor Infantil de la localidad de Onil.<\/p>\n\n\n\n<figure class=\"wp-block-image size-large is-resized\"><img fetchpriority=\"high\" decoding=\"async\" width=\"878\" height=\"1170\" src=\"https:\/\/www.lafresca.fm\/f-solosog\/2025\/05\/Esther-collado-3-878x1170.jpg\" alt=\"\" class=\"wp-image-15318\" style=\"width:598px;height:auto\" srcset=\"https:\/\/www.lafresca.fm\/f-solosog\/2025\/05\/Esther-collado-3-878x1170.jpg 878w, https:\/\/www.lafresca.fm\/f-solosog\/2025\/05\/Esther-collado-3-578x770.jpg 578w, https:\/\/www.lafresca.fm\/f-solosog\/2025\/05\/Esther-collado-3-768x1024.jpg 768w, https:\/\/www.lafresca.fm\/f-solosog\/2025\/05\/Esther-collado-3-1152x1536.jpg 1152w, https:\/\/www.lafresca.fm\/f-solosog\/2025\/05\/Esther-collado-3-1536x2048.jpg 1536w, https:\/\/www.lafresca.fm\/f-solosog\/2025\/05\/Esther-collado-3-scaled.jpg 1920w\" sizes=\"(max-width: 878px) 100vw, 878px\" \/><\/figure>\n\n\n\n<p>Este a\u00f1o, los festejos arrancan el <strong>s\u00e1bado 19 de julio<\/strong> a las <strong>12:00 horas<\/strong> en el Centro Cultural de Onil con un concierto muy especial: el <strong>XX aniversario de la Falla de Sant Jaume<\/strong>, que contar\u00e1 con la actuaci\u00f3n de la <strong>Colla Rudiment\u00e0ria i Pandorga d\u2019Onil<\/strong>, una muestra de la riqueza musical local y del fuerte arraigo de esta fiesta entre los vecinos.<\/p>\n\n\n\n<figure class=\"wp-block-image size-large is-resized\"><img decoding=\"async\" width=\"827\" height=\"1170\" src=\"https:\/\/www.lafresca.fm\/f-solosog\/2025\/07\/falla-25-1-827x1170.jpg\" alt=\"\" class=\"wp-image-15813\" style=\"width:591px;height:auto\" srcset=\"https:\/\/www.lafresca.fm\/f-solosog\/2025\/07\/falla-25-1-827x1170.jpg 827w, https:\/\/www.lafresca.fm\/f-solosog\/2025\/07\/falla-25-1-544x770.jpg 544w, https:\/\/www.lafresca.fm\/f-solosog\/2025\/07\/falla-25-1-768x1086.jpg 768w, https:\/\/www.lafresca.fm\/f-solosog\/2025\/07\/falla-25-1-1086x1536.jpg 1086w, https:\/\/www.lafresca.fm\/f-solosog\/2025\/07\/falla-25-1.jpg 1131w\" sizes=\"(max-width: 827px) 100vw, 827px\" \/><\/figure>\n\n\n\n<h3 class=\"wp-block-heading\">Historia de una tradici\u00f3n en crecimiento<\/h3>\n\n\n\n<p>La Falla de Sant Jaume se recuper\u00f3 hace dos d\u00e9cadas gracias al impulso de un grupo de vecinos de la calle del mismo nombre, inspirados en las tradicionales Fallas de Valencia pero adaptadas al car\u00e1cter y esencia de Onil. Desde entonces, la festividad ha crecido a\u00f1o tras a\u00f1o, convirti\u00e9ndose en un s\u00edmbolo del verano colivenc y un punto de encuentro intergeneracional que mezcla cultura popular, s\u00e1tira, p\u00f3lvora, m\u00fasica y convivencia.<\/p>\n\n\n\n<figure class=\"wp-block-image size-large is-resized\"><img decoding=\"async\" width=\"878\" height=\"1170\" src=\"https:\/\/www.lafresca.fm\/f-solosog\/2025\/07\/a310f11b-c4d7-4719-b5a8-2d8b48dd7bf6-878x1170.jpg\" alt=\"\" class=\"wp-image-15812\" style=\"width:635px;height:auto\" srcset=\"https:\/\/www.lafresca.fm\/f-solosog\/2025\/07\/a310f11b-c4d7-4719-b5a8-2d8b48dd7bf6-878x1170.jpg 878w, https:\/\/www.lafresca.fm\/f-solosog\/2025\/07\/a310f11b-c4d7-4719-b5a8-2d8b48dd7bf6-578x770.jpg 578w, https:\/\/www.lafresca.fm\/f-solosog\/2025\/07\/a310f11b-c4d7-4719-b5a8-2d8b48dd7bf6-768x1024.jpg 768w, https:\/\/www.lafresca.fm\/f-solosog\/2025\/07\/a310f11b-c4d7-4719-b5a8-2d8b48dd7bf6-1152x1536.jpg 1152w, https:\/\/www.lafresca.fm\/f-solosog\/2025\/07\/a310f11b-c4d7-4719-b5a8-2d8b48dd7bf6.jpg 1500w\" sizes=\"(max-width: 878px) 100vw, 878px\" \/><\/figure>\n\n\n\n<figure class=\"wp-block-image size-large is-resized\"><img loading=\"lazy\" decoding=\"async\" width=\"780\" height=\"1170\" src=\"https:\/\/www.lafresca.fm\/f-solosog\/2025\/07\/514324872_1031613905851216_8362418807872640203_n-780x1170.jpg\" alt=\"\" class=\"wp-image-15651\" style=\"width:636px;height:auto\" srcset=\"https:\/\/www.lafresca.fm\/f-solosog\/2025\/07\/514324872_1031613905851216_8362418807872640203_n-780x1170.jpg 780w, https:\/\/www.lafresca.fm\/f-solosog\/2025\/07\/514324872_1031613905851216_8362418807872640203_n-514x770.jpg 514w, https:\/\/www.lafresca.fm\/f-solosog\/2025\/07\/514324872_1031613905851216_8362418807872640203_n-768x1151.jpg 768w, https:\/\/www.lafresca.fm\/f-solosog\/2025\/07\/514324872_1031613905851216_8362418807872640203_n-1025x1536.jpg 1025w, https:\/\/www.lafresca.fm\/f-solosog\/2025\/07\/514324872_1031613905851216_8362418807872640203_n.jpg 1050w\" sizes=\"(max-width: 780px) 100vw, 780px\" \/><\/figure>\n\n\n\n<h3 class=\"wp-block-heading\">Programa de actos principales<\/h3>\n\n\n\n<p>La semana grande se celebrar\u00e1 del <strong>25 al 27 de julio<\/strong>, con una serie de actividades que reflejan el esp\u00edritu festivo y participativo del evento:<\/p>\n\n\n\n<ul class=\"wp-block-list\">\n<li><strong>Viernes 25 de julio<\/strong>\n<ul class=\"wp-block-list\">\n<li><strong>18:00 h<\/strong>: Adorno de la calle Sant Jaume, punto neur\u00e1lgico de la fiesta.<\/li>\n\n\n\n<li><strong>20:00 h<\/strong>: <em>Plant\u00e0<\/em> de la falla, momento clave en el que se alza el monumento fallero que culminar\u00e1 con la tradicional crem\u00e0.<\/li>\n\n\n\n<li><strong>23:00 h<\/strong>: <em>Verbena Popular<\/em> abierta a todo el pueblo, una noche para bailar y compartir.<\/li>\n<\/ul>\n<\/li>\n\n\n\n<li><strong>S\u00e1bado 26 de julio<\/strong>\n<ul class=\"wp-block-list\">\n<li><strong>9:00 h<\/strong>: <em>Despert\u00e0<\/em> tradicional valenciana con cohetes, m\u00fasica y alegr\u00eda por las calles a cargo de la <strong>Associaci\u00f3 de Coeters Colivencs.<\/strong><\/li>\n\n\n\n<li><strong>11:00 h<\/strong>: Partida de <em>Pilota Valenciana<\/em>, deporte aut\u00f3ctono que sigue teniendo gran afici\u00f3n en la zona.<\/li>\n<\/ul>\n<\/li>\n\n\n\n<li><strong>Domingo 27 de julio<\/strong>\n<ul class=\"wp-block-list\">\n<li><strong>9:30 h<\/strong>: Misa al aire libre en la calle Sant Jaume.<\/li>\n\n\n\n<li><strong>12:30 h<\/strong>: Gran <em>fiesta de la espuma<\/em>, ideal para refrescarse en familia.<\/li>\n\n\n\n<li><strong>19:00 h<\/strong>: <em>Ofrenda de flores<\/em>, que partir\u00e1 desde la calle Sant Jaume hasta la iglesia del pueblo.<\/li>\n\n\n\n<li><strong>22:00 h<\/strong>: <em>Crem\u00e0 de la Falla<\/em>, el emotivo y simb\u00f3lico final de las fiestas, donde el fuego purificador pone el broche de oro a d\u00edas de hermandad, m\u00fasica y emoci\u00f3n.<\/li>\n<\/ul>\n<\/li>\n\n\n\n<li><\/li>\n<\/ul>\n\n\n\n<figure class=\"wp-block-image size-large is-resized\"><img loading=\"lazy\" decoding=\"async\" width=\"878\" height=\"1170\" src=\"https:\/\/www.lafresca.fm\/f-solosog\/2025\/07\/514400923_1031613835851223_2457776904488838367_n-878x1170.jpg\" alt=\"\" class=\"wp-image-15650\" style=\"width:682px;height:auto\" srcset=\"https:\/\/www.lafresca.fm\/f-solosog\/2025\/07\/514400923_1031613835851223_2457776904488838367_n-878x1170.jpg 878w, https:\/\/www.lafresca.fm\/f-solosog\/2025\/07\/514400923_1031613835851223_2457776904488838367_n-578x770.jpg 578w, https:\/\/www.lafresca.fm\/f-solosog\/2025\/07\/514400923_1031613835851223_2457776904488838367_n-768x1024.jpg 768w, https:\/\/www.lafresca.fm\/f-solosog\/2025\/07\/514400923_1031613835851223_2457776904488838367_n.jpg 1080w\" sizes=\"(max-width: 878px) 100vw, 878px\" \/><\/figure>\n\n\n\n<figure class=\"wp-block-image size-large\"><img loading=\"lazy\" decoding=\"async\" width=\"1170\" height=\"881\" src=\"https:\/\/www.lafresca.fm\/f-solosog\/2025\/07\/514489266_1031614992517774_6080852587226820580_n-1170x881.jpg\" alt=\"\" class=\"wp-image-15654\" srcset=\"https:\/\/www.lafresca.fm\/f-solosog\/2025\/07\/514489266_1031614992517774_6080852587226820580_n-1170x881.jpg 1170w, https:\/\/www.lafresca.fm\/f-solosog\/2025\/07\/514489266_1031614992517774_6080852587226820580_n-770x580.jpg 770w, https:\/\/www.lafresca.fm\/f-solosog\/2025\/07\/514489266_1031614992517774_6080852587226820580_n-768x578.jpg 768w, https:\/\/www.lafresca.fm\/f-solosog\/2025\/07\/514489266_1031614992517774_6080852587226820580_n-1536x1157.jpg 1536w, https:\/\/www.lafresca.fm\/f-solosog\/2025\/07\/514489266_1031614992517774_6080852587226820580_n.jpg 2040w\" sizes=\"(max-width: 1170px) 100vw, 1170px\" \/><\/figure>\n<script>function PlayerjsAsync(){} if(window[\"Playerjs\"]){PlayerjsAsync();}<\/script>","protected":false},"excerpt":{"rendered":"<p>Onil se prepara para vivir la Falla de Sant Jaume, una celebraci\u00f3n que combina la tradici\u00f3n valenciana con el calor y la alegr\u00eda del pueblo colivenc, donde Esther Collado, ejercer\u00e1 el cargo de Fallera Mayor 2025 junto a Carlota Collado, como primera Fallera Mayor Infantil de la localidad de Onil. ...<\/p>\n","protected":false},"author":2,"featured_media":15812,"comment_status":"closed","ping_status":"closed","sticky":false,"template":"","format":"standard","meta":{"_monsterinsights_skip_tracking":false,"_monsterinsights_sitenote_active":false,"_monsterinsights_sitenote_note":"","_monsterinsights_sitenote_category":0,"footnotes":""},"categories":[4],"tags":[174,840,133],"class_list":["post-15811","post","type-post","status-publish","format-standard","has-post-thumbnail","hentry","category-alicante","tag-falla-onil","tag-falla-sant-jaume-onil","tag-onil"],"aioseo_notices":[],"_links":{"self":[{"href":"https:\/\/www.lafresca.fm\/fresca-api-json\/wp\/v2\/posts\/15811","targetHints":{"allow":["GET"]}}],"collection":[{"href":"https:\/\/www.lafresca.fm\/fresca-api-json\/wp\/v2\/posts"}],"about":[{"href":"https:\/\/www.lafresca.fm\/fresca-api-json\/wp\/v2\/types\/post"}],"author":[{"embeddable":true,"href":"https:\/\/www.lafresca.fm\/fresca-api-json\/wp\/v2\/users\/2"}],"replies":[{"embeddable":true,"href":"https:\/\/www.lafresca.fm\/fresca-api-json\/wp\/v2\/comments?post=15811"}],"version-history":[{"count":4,"href":"https:\/\/www.lafresca.fm\/fresca-api-json\/wp\/v2\/posts\/15811\/revisions"}],"predecessor-version":[{"id":15818,"href":"https:\/\/www.lafresca.fm\/fresca-api-json\/wp\/v2\/posts\/15811\/revisions\/15818"}],"wp:featuredmedia":[{"embeddable":true,"href":"https:\/\/www.lafresca.fm\/fresca-api-json\/wp\/v2\/media\/15812"}],"wp:attachment":[{"href":"https:\/\/www.lafresca.fm\/fresca-api-json\/wp\/v2\/media?parent=15811"}],"wp:term":[{"taxonomy":"category","embeddable":true,"href":"https:\/\/www.lafresca.fm\/fresca-api-json\/wp\/v2\/categories?post=15811"},{"taxonomy":"post_tag","embeddable":true,"href":"https:\/\/www.lafresca.fm\/fresca-api-json\/wp\/v2\/tags?post=15811"}],"curies":[{"name":"wp","href":"https:\/\/api.w.org\/{rel}","templated":true}]}}