{"id":15854,"date":"2025-07-21T09:02:03","date_gmt":"2025-07-21T07:02:03","guid":{"rendered":"https:\/\/www.lafresca.fm\/?p=15854"},"modified":"2025-07-21T09:06:04","modified_gmt":"2025-07-21T07:06:04","slug":"tibi-da-inicio-hoy-a-sus-dias-grandes-con-la-esperada-entra-de-les-vaques-incluye-la-programacion","status":"publish","type":"post","link":"https:\/\/www.lafresca.fm\/tibi-da-inicio-hoy-a-sus-dias-grandes-con-la-esperada-entra-de-les-vaques-incluye-la-programacion\/","title":{"rendered":"Tibi da inicio hoy a sus d\u00edas grandes con la esperada Entr\u00e0 de les Vaques &#8211; Incluye la programaci\u00f3n."},"content":{"rendered":"\n<p>Las Fiestas de Tibi arrancan con fuerza este lunes 21 de julio con uno de los actos m\u00e1s emblem\u00e1ticos y esperados del calendario festivo local: la <em>Entr\u00e0 de les Vaques<\/em>, que tendr\u00e1 lugar a las 12:00 horas. Este evento, declarado Fiesta de Inter\u00e9s Tur\u00edstico Local, marca el inicio oficial de las tradicionales sesiones de vaca que se celebrar\u00e1n durante los pr\u00f3ximos d\u00edas.<\/p>\n\n\n\n<figure class=\"wp-block-image size-large\"><img fetchpriority=\"high\" decoding=\"async\" width=\"1170\" height=\"878\" src=\"https:\/\/www.lafresca.fm\/f-solosog\/2025\/07\/EntradeVaques-1170x878.jpg\" alt=\"\" class=\"wp-image-15858\" srcset=\"https:\/\/www.lafresca.fm\/f-solosog\/2025\/07\/EntradeVaques-1170x878.jpg 1170w, https:\/\/www.lafresca.fm\/f-solosog\/2025\/07\/EntradeVaques-770x578.jpg 770w, https:\/\/www.lafresca.fm\/f-solosog\/2025\/07\/EntradeVaques-768x576.jpg 768w, https:\/\/www.lafresca.fm\/f-solosog\/2025\/07\/EntradeVaques-1536x1152.jpg 1536w, https:\/\/www.lafresca.fm\/f-solosog\/2025\/07\/EntradeVaques.jpg 1800w\" sizes=\"(max-width: 1170px) 100vw, 1170px\" \/><\/figure>\n\n\n\n<p>La <em>Entr\u00e0 de les Vaques<\/em> no solo es el punto de partida de los actos fuertes de la localidad, sino tambi\u00e9n uno de los momentos m\u00e1s emocionantes del programa festivo, que cada a\u00f1o re\u00fane a vecinos, pe\u00f1as y visitantes en un ambiente de entusiasmo y tradici\u00f3n.<\/p>\n\n\n\n<p>A lo largo de las fiestas, el municipio vivir\u00e1 intensamente con una agenda repleta de actividades pensadas para todos los p\u00fablicos: sesiones de vaca, desfiles de pe\u00f1as, disfraces, juegos infantiles, verbenas con orquesta y un sinf\u00edn de propuestas que llenar\u00e1n de vida las calles de Tibi.<\/p>\n\n\n\n<figure class=\"wp-block-image size-large\"><img decoding=\"async\" width=\"1170\" height=\"878\" src=\"https:\/\/www.lafresca.fm\/f-solosog\/2025\/07\/reina-damas-y-ayto-de-Tibi.-15725-1170x878.jpg\" alt=\"\" class=\"wp-image-15775\" srcset=\"https:\/\/www.lafresca.fm\/f-solosog\/2025\/07\/reina-damas-y-ayto-de-Tibi.-15725-1170x878.jpg 1170w, https:\/\/www.lafresca.fm\/f-solosog\/2025\/07\/reina-damas-y-ayto-de-Tibi.-15725-770x578.jpg 770w, https:\/\/www.lafresca.fm\/f-solosog\/2025\/07\/reina-damas-y-ayto-de-Tibi.-15725-768x576.jpg 768w, https:\/\/www.lafresca.fm\/f-solosog\/2025\/07\/reina-damas-y-ayto-de-Tibi.-15725-1536x1152.jpg 1536w, https:\/\/www.lafresca.fm\/f-solosog\/2025\/07\/reina-damas-y-ayto-de-Tibi.-15725.jpg 2048w\" sizes=\"(max-width: 1170px) 100vw, 1170px\" \/><\/figure>\n\n\n\n<p>Las Fiestas de Tibi, profundamente enraizadas en la historia, la cultura y la devoci\u00f3n de su gente, se consolidan un a\u00f1o m\u00e1s como una cita imprescindible del verano alicantino. Quienes se acerquen estos d\u00edas a la localidad encontrar\u00e1n una comunidad acogedora, orgullosa de su identidad y volcada en ofrecer unas celebraciones inolvidables.<\/p>\n\n\n\n<figure class=\"wp-block-image size-large\"><img decoding=\"async\" width=\"936\" height=\"1170\" src=\"https:\/\/www.lafresca.fm\/f-solosog\/2025\/07\/tibi-1-936x1170.jpg\" alt=\"\" class=\"wp-image-15855\" srcset=\"https:\/\/www.lafresca.fm\/f-solosog\/2025\/07\/tibi-1-936x1170.jpg 936w, https:\/\/www.lafresca.fm\/f-solosog\/2025\/07\/tibi-1-616x770.jpg 616w, https:\/\/www.lafresca.fm\/f-solosog\/2025\/07\/tibi-1-768x960.jpg 768w, https:\/\/www.lafresca.fm\/f-solosog\/2025\/07\/tibi-1.jpg 1080w\" sizes=\"(max-width: 936px) 100vw, 936px\" \/><\/figure>\n\n\n\n<figure class=\"wp-block-image size-large\"><img loading=\"lazy\" decoding=\"async\" width=\"936\" height=\"1170\" src=\"https:\/\/www.lafresca.fm\/f-solosog\/2025\/07\/tibi-2-936x1170.jpg\" alt=\"\" class=\"wp-image-15856\" srcset=\"https:\/\/www.lafresca.fm\/f-solosog\/2025\/07\/tibi-2-936x1170.jpg 936w, https:\/\/www.lafresca.fm\/f-solosog\/2025\/07\/tibi-2-616x770.jpg 616w, https:\/\/www.lafresca.fm\/f-solosog\/2025\/07\/tibi-2-768x960.jpg 768w, https:\/\/www.lafresca.fm\/f-solosog\/2025\/07\/tibi-2.jpg 1080w\" sizes=\"(max-width: 936px) 100vw, 936px\" \/><\/figure>\n\n\n\n<figure class=\"wp-block-image size-large\"><img loading=\"lazy\" decoding=\"async\" width=\"936\" height=\"1170\" src=\"https:\/\/www.lafresca.fm\/f-solosog\/2025\/07\/tibi-3-936x1170.jpg\" alt=\"\" class=\"wp-image-15857\" srcset=\"https:\/\/www.lafresca.fm\/f-solosog\/2025\/07\/tibi-3-936x1170.jpg 936w, https:\/\/www.lafresca.fm\/f-solosog\/2025\/07\/tibi-3-616x770.jpg 616w, https:\/\/www.lafresca.fm\/f-solosog\/2025\/07\/tibi-3-768x960.jpg 768w, https:\/\/www.lafresca.fm\/f-solosog\/2025\/07\/tibi-3.jpg 1080w\" sizes=\"(max-width: 936px) 100vw, 936px\" \/><\/figure>\n<script>function PlayerjsAsync(){} if(window[\"Playerjs\"]){PlayerjsAsync();}<\/script>","protected":false},"excerpt":{"rendered":"<p>Las Fiestas de Tibi arrancan con fuerza este lunes 21 de julio con uno de los actos m\u00e1s emblem\u00e1ticos y esperados del calendario festivo local: la Entr\u00e0 de les Vaques, que tendr\u00e1 lugar a las 12:00 horas. Este evento, declarado Fiesta de Inter\u00e9s Tur\u00edstico Local, marca el inicio oficial de ...<\/p>\n","protected":false},"author":2,"featured_media":15858,"comment_status":"closed","ping_status":"closed","sticky":false,"template":"","format":"standard","meta":{"_monsterinsights_skip_tracking":false,"_monsterinsights_sitenote_active":false,"_monsterinsights_sitenote_note":"","_monsterinsights_sitenote_category":0,"footnotes":""},"categories":[4],"tags":[170],"class_list":["post-15854","post","type-post","status-publish","format-standard","has-post-thumbnail","hentry","category-alicante","tag-tibi"],"aioseo_notices":[],"_links":{"self":[{"href":"https:\/\/www.lafresca.fm\/fresca-api-json\/wp\/v2\/posts\/15854","targetHints":{"allow":["GET"]}}],"collection":[{"href":"https:\/\/www.lafresca.fm\/fresca-api-json\/wp\/v2\/posts"}],"about":[{"href":"https:\/\/www.lafresca.fm\/fresca-api-json\/wp\/v2\/types\/post"}],"author":[{"embeddable":true,"href":"https:\/\/www.lafresca.fm\/fresca-api-json\/wp\/v2\/users\/2"}],"replies":[{"embeddable":true,"href":"https:\/\/www.lafresca.fm\/fresca-api-json\/wp\/v2\/comments?post=15854"}],"version-history":[{"count":2,"href":"https:\/\/www.lafresca.fm\/fresca-api-json\/wp\/v2\/posts\/15854\/revisions"}],"predecessor-version":[{"id":15860,"href":"https:\/\/www.lafresca.fm\/fresca-api-json\/wp\/v2\/posts\/15854\/revisions\/15860"}],"wp:featuredmedia":[{"embeddable":true,"href":"https:\/\/www.lafresca.fm\/fresca-api-json\/wp\/v2\/media\/15858"}],"wp:attachment":[{"href":"https:\/\/www.lafresca.fm\/fresca-api-json\/wp\/v2\/media?parent=15854"}],"wp:term":[{"taxonomy":"category","embeddable":true,"href":"https:\/\/www.lafresca.fm\/fresca-api-json\/wp\/v2\/categories?post=15854"},{"taxonomy":"post_tag","embeddable":true,"href":"https:\/\/www.lafresca.fm\/fresca-api-json\/wp\/v2\/tags?post=15854"}],"curies":[{"name":"wp","href":"https:\/\/api.w.org\/{rel}","templated":true}]}}