{"id":15861,"date":"2025-07-21T10:01:48","date_gmt":"2025-07-21T08:01:48","guid":{"rendered":"https:\/\/www.lafresca.fm\/?p=15861"},"modified":"2025-07-21T12:33:24","modified_gmt":"2025-07-21T10:33:24","slug":"la-colla-colivenca-falla-sant-jaume-donil-celebra-su-20o-aniversario-con-un-emotivo-concierto-conmemorativo","status":"publish","type":"post","link":"https:\/\/www.lafresca.fm\/la-colla-colivenca-falla-sant-jaume-donil-celebra-su-20o-aniversario-con-un-emotivo-concierto-conmemorativo\/","title":{"rendered":"La Colla Colivenca Falla Sant Jaume d\u2019Onil celebra su 20\u00ba aniversario con un emotivo concierto conmemorativo"},"content":{"rendered":"\n<p>Este pasado fin de semana, el auditorio del Centro Cultural de Onil acogi\u00f3 un emotivo y memorable acto organizado por <em>La Colla Colivenca Falla Sant Jaume d\u2019Onil<\/em>, con motivo de su vig\u00e9simo aniversario. El evento, titulado <strong>\u2018CONCERT XX ANIVERSARI\u2019<\/strong>, fue protagonizado por <em>La Colla Rudimentaria y Pandorga<\/em>, quienes ofrecieron un concierto cargado de sentimiento y tradici\u00f3n.<\/p>\n\n\n\n<p>Uno de los momentos m\u00e1s destacados de la velada fue el <strong>estreno absoluto de la pieza musical \u2018Falla Sant Jaume\u2019<\/strong>, compuesta especialmente para esta ocasi\u00f3n por el m\u00fasico colivenco <strong>Javier Ure\u00f1a<\/strong>. La obra, que rinde homenaje a los 20 a\u00f1os de historia de la Falla, se present\u00f3 como un legado musical para el pueblo de Onil.<\/p>\n\n\n\n<p>El acto, conducido por el presidente de la Falla, <strong>Jos\u00e9 Luis Sanch\u00eds<\/strong>, junto a <strong>Amparo Monllor<\/strong>, incluy\u00f3 tambi\u00e9n la entrega de galardones simb\u00f3licos a personas y entidades que han sido fundamentales para el crecimiento y consolidaci\u00f3n de la Falla durante estas dos d\u00e9cadas.<\/p>\n\n\n\n<p>Las <strong>Falleras Mayores<\/strong>, <strong>Esther Collado Beneyto<\/strong> (FM) y <strong>Carlota Collado Garc\u00eda<\/strong> (FMI), fueron las encargadas de entregar los reconocimientos a todas las corporaciones municipales que, a lo largo de los a\u00f1os, han contribuido a que esta fiesta siga creciendo. Entre los homenajeados estuvieron:<\/p>\n\n\n\n<ul class=\"wp-block-list\">\n<li><strong>Merce Mira Reig<\/strong><\/li>\n\n\n\n<li><strong>Elisa Ribera Ferri<\/strong><\/li>\n\n\n\n<li><strong>Jose Ram\u00f3n Franc\u00e9s Blanes<\/strong><\/li>\n\n\n\n<li><strong>Humi Guill Fuster<\/strong><\/li>\n\n\n\n<li><strong>Jaume Berenguer Pastor<\/strong><\/li>\n<\/ul>\n\n\n\n<figure class=\"wp-block-image size-large\"><img fetchpriority=\"high\" decoding=\"async\" width=\"1170\" height=\"878\" src=\"https:\/\/www.lafresca.fm\/f-solosog\/2025\/07\/7fd79180-627e-461f-83a3-6442f744c99c-1170x878.jpeg\" alt=\"\" class=\"wp-image-15862\" srcset=\"https:\/\/www.lafresca.fm\/f-solosog\/2025\/07\/7fd79180-627e-461f-83a3-6442f744c99c-1170x878.jpeg 1170w, https:\/\/www.lafresca.fm\/f-solosog\/2025\/07\/7fd79180-627e-461f-83a3-6442f744c99c-770x578.jpeg 770w, https:\/\/www.lafresca.fm\/f-solosog\/2025\/07\/7fd79180-627e-461f-83a3-6442f744c99c-768x576.jpeg 768w, https:\/\/www.lafresca.fm\/f-solosog\/2025\/07\/7fd79180-627e-461f-83a3-6442f744c99c.jpeg 1440w\" sizes=\"(max-width: 1170px) 100vw, 1170px\" \/><\/figure>\n\n\n\n<p>Tambi\u00e9n recibieron un distintivo el reconocido artista <strong>Pere Maura<\/strong>, el colectivo <strong>Amics de la Pilota Valenciana d\u2019Onil<\/strong>, la familia del artista fallero <strong>Jos\u00e9 Luis Sanch\u00eds<\/strong>, as\u00ed como los propios miembros de <em>La Colla Rudimentaria y Pandorga<\/em>.<\/p>\n\n\n\n<p>El acto concluy\u00f3 con las palabras de agradecimiento del <strong>alcalde Jaume Berenguer<\/strong> y la <strong>regidora de Fiestas, Rosana Silvestre<\/strong>, quienes entregaron a las Falleras Mayores dos estandartes conmemorativos por haber obtenido el <strong>Premio Generalitat Valenciana a la Mejor Falla del pueblo<\/strong>, tanto en su versi\u00f3n infantil como adulta.<\/p>\n\n\n\n<p>Con este evento, la Falla Sant Jaume da paso a su semana grande, en la que culminar\u00e1 la celebraci\u00f3n de su 20\u00ba aniversario con la plant\u00e0 de su monumento fallero y los tradicionales festejos que llenar\u00e1n de fuego, m\u00fasica y alegr\u00eda las calles de Onil del 25 al 27 de julio en la calle Sant Jaume.<\/p>\n\n\n\n<figure class=\"wp-block-gallery has-nested-images columns-default is-cropped wp-block-gallery-1 is-layout-flex wp-block-gallery-is-layout-flex\">\n<figure class=\"wp-block-image size-large\"><img decoding=\"async\" width=\"878\" height=\"1170\" data-id=\"15863\" src=\"https:\/\/www.lafresca.fm\/f-solosog\/2025\/07\/96fbd127-100f-4e29-bfd0-caafc6de3faa-878x1170.jpeg\" alt=\"\" class=\"wp-image-15863\" srcset=\"https:\/\/www.lafresca.fm\/f-solosog\/2025\/07\/96fbd127-100f-4e29-bfd0-caafc6de3faa-878x1170.jpeg 878w, https:\/\/www.lafresca.fm\/f-solosog\/2025\/07\/96fbd127-100f-4e29-bfd0-caafc6de3faa-578x770.jpeg 578w, https:\/\/www.lafresca.fm\/f-solosog\/2025\/07\/96fbd127-100f-4e29-bfd0-caafc6de3faa-768x1024.jpeg 768w, https:\/\/www.lafresca.fm\/f-solosog\/2025\/07\/96fbd127-100f-4e29-bfd0-caafc6de3faa-1152x1536.jpeg 1152w, https:\/\/www.lafresca.fm\/f-solosog\/2025\/07\/96fbd127-100f-4e29-bfd0-caafc6de3faa.jpeg 1536w\" sizes=\"(max-width: 878px) 100vw, 878px\" \/><\/figure>\n\n\n\n<figure class=\"wp-block-image size-large\"><img decoding=\"async\" width=\"1170\" height=\"878\" data-id=\"15864\" src=\"https:\/\/www.lafresca.fm\/f-solosog\/2025\/07\/873f3f19-0eba-4e31-a34b-07d6994d9177-1170x878.jpeg\" alt=\"\" class=\"wp-image-15864\" srcset=\"https:\/\/www.lafresca.fm\/f-solosog\/2025\/07\/873f3f19-0eba-4e31-a34b-07d6994d9177-1170x878.jpeg 1170w, https:\/\/www.lafresca.fm\/f-solosog\/2025\/07\/873f3f19-0eba-4e31-a34b-07d6994d9177-770x578.jpeg 770w, https:\/\/www.lafresca.fm\/f-solosog\/2025\/07\/873f3f19-0eba-4e31-a34b-07d6994d9177-768x576.jpeg 768w, https:\/\/www.lafresca.fm\/f-solosog\/2025\/07\/873f3f19-0eba-4e31-a34b-07d6994d9177-1536x1152.jpeg 1536w, https:\/\/www.lafresca.fm\/f-solosog\/2025\/07\/873f3f19-0eba-4e31-a34b-07d6994d9177.jpeg 2048w\" sizes=\"(max-width: 1170px) 100vw, 1170px\" \/><\/figure>\n\n\n\n<figure class=\"wp-block-image size-large\"><img loading=\"lazy\" decoding=\"async\" width=\"1170\" height=\"878\" data-id=\"15865\" src=\"https:\/\/www.lafresca.fm\/f-solosog\/2025\/07\/437edacf-37e2-4cc1-9437-59d693cbcf70-1170x878.jpeg\" alt=\"\" class=\"wp-image-15865\" srcset=\"https:\/\/www.lafresca.fm\/f-solosog\/2025\/07\/437edacf-37e2-4cc1-9437-59d693cbcf70-1170x878.jpeg 1170w, https:\/\/www.lafresca.fm\/f-solosog\/2025\/07\/437edacf-37e2-4cc1-9437-59d693cbcf70-770x578.jpeg 770w, https:\/\/www.lafresca.fm\/f-solosog\/2025\/07\/437edacf-37e2-4cc1-9437-59d693cbcf70-768x576.jpeg 768w, https:\/\/www.lafresca.fm\/f-solosog\/2025\/07\/437edacf-37e2-4cc1-9437-59d693cbcf70-1536x1152.jpeg 1536w, https:\/\/www.lafresca.fm\/f-solosog\/2025\/07\/437edacf-37e2-4cc1-9437-59d693cbcf70.jpeg 2048w\" sizes=\"(max-width: 1170px) 100vw, 1170px\" \/><\/figure>\n\n\n\n<figure class=\"wp-block-image size-large\"><img loading=\"lazy\" decoding=\"async\" width=\"878\" height=\"1170\" data-id=\"15867\" src=\"https:\/\/www.lafresca.fm\/f-solosog\/2025\/07\/6bb5bb5f-4f5e-4fc0-99e8-f1874279a6d2-878x1170.jpeg\" alt=\"\" class=\"wp-image-15867\" srcset=\"https:\/\/www.lafresca.fm\/f-solosog\/2025\/07\/6bb5bb5f-4f5e-4fc0-99e8-f1874279a6d2-878x1170.jpeg 878w, https:\/\/www.lafresca.fm\/f-solosog\/2025\/07\/6bb5bb5f-4f5e-4fc0-99e8-f1874279a6d2-578x770.jpeg 578w, https:\/\/www.lafresca.fm\/f-solosog\/2025\/07\/6bb5bb5f-4f5e-4fc0-99e8-f1874279a6d2-768x1024.jpeg 768w, https:\/\/www.lafresca.fm\/f-solosog\/2025\/07\/6bb5bb5f-4f5e-4fc0-99e8-f1874279a6d2-1152x1536.jpeg 1152w, https:\/\/www.lafresca.fm\/f-solosog\/2025\/07\/6bb5bb5f-4f5e-4fc0-99e8-f1874279a6d2.jpeg 1536w\" sizes=\"(max-width: 878px) 100vw, 878px\" \/><\/figure>\n\n\n\n<figure class=\"wp-block-image size-large\"><img loading=\"lazy\" decoding=\"async\" width=\"1170\" height=\"878\" data-id=\"15868\" src=\"https:\/\/www.lafresca.fm\/f-solosog\/2025\/07\/c6b6263b-9301-4eb1-8a29-6f765358436f-1170x878.jpeg\" alt=\"\" class=\"wp-image-15868\" srcset=\"https:\/\/www.lafresca.fm\/f-solosog\/2025\/07\/c6b6263b-9301-4eb1-8a29-6f765358436f-1170x878.jpeg 1170w, https:\/\/www.lafresca.fm\/f-solosog\/2025\/07\/c6b6263b-9301-4eb1-8a29-6f765358436f-770x578.jpeg 770w, https:\/\/www.lafresca.fm\/f-solosog\/2025\/07\/c6b6263b-9301-4eb1-8a29-6f765358436f-768x576.jpeg 768w, https:\/\/www.lafresca.fm\/f-solosog\/2025\/07\/c6b6263b-9301-4eb1-8a29-6f765358436f-1536x1152.jpeg 1536w, https:\/\/www.lafresca.fm\/f-solosog\/2025\/07\/c6b6263b-9301-4eb1-8a29-6f765358436f.jpeg 2040w\" sizes=\"(max-width: 1170px) 100vw, 1170px\" \/><\/figure>\n\n\n\n<figure class=\"wp-block-image size-large\"><img loading=\"lazy\" decoding=\"async\" width=\"1170\" height=\"878\" data-id=\"15866\" src=\"https:\/\/www.lafresca.fm\/f-solosog\/2025\/07\/7e2100b3-f1df-4404-a79a-86e10798dd41-1170x878.jpeg\" alt=\"\" class=\"wp-image-15866\" srcset=\"https:\/\/www.lafresca.fm\/f-solosog\/2025\/07\/7e2100b3-f1df-4404-a79a-86e10798dd41-1170x878.jpeg 1170w, https:\/\/www.lafresca.fm\/f-solosog\/2025\/07\/7e2100b3-f1df-4404-a79a-86e10798dd41-770x578.jpeg 770w, https:\/\/www.lafresca.fm\/f-solosog\/2025\/07\/7e2100b3-f1df-4404-a79a-86e10798dd41-768x576.jpeg 768w, https:\/\/www.lafresca.fm\/f-solosog\/2025\/07\/7e2100b3-f1df-4404-a79a-86e10798dd41-1536x1152.jpeg 1536w, https:\/\/www.lafresca.fm\/f-solosog\/2025\/07\/7e2100b3-f1df-4404-a79a-86e10798dd41.jpeg 2040w\" sizes=\"(max-width: 1170px) 100vw, 1170px\" \/><\/figure>\n\n\n\n<figure class=\"wp-block-image size-large\"><img loading=\"lazy\" decoding=\"async\" width=\"1170\" height=\"878\" data-id=\"15869\" src=\"https:\/\/www.lafresca.fm\/f-solosog\/2025\/07\/fd84a125-8dbb-48e2-b8bc-080c996fe412-1170x878.jpeg\" alt=\"\" class=\"wp-image-15869\" srcset=\"https:\/\/www.lafresca.fm\/f-solosog\/2025\/07\/fd84a125-8dbb-48e2-b8bc-080c996fe412-1170x878.jpeg 1170w, https:\/\/www.lafresca.fm\/f-solosog\/2025\/07\/fd84a125-8dbb-48e2-b8bc-080c996fe412-770x578.jpeg 770w, https:\/\/www.lafresca.fm\/f-solosog\/2025\/07\/fd84a125-8dbb-48e2-b8bc-080c996fe412-768x576.jpeg 768w, https:\/\/www.lafresca.fm\/f-solosog\/2025\/07\/fd84a125-8dbb-48e2-b8bc-080c996fe412-1536x1152.jpeg 1536w, https:\/\/www.lafresca.fm\/f-solosog\/2025\/07\/fd84a125-8dbb-48e2-b8bc-080c996fe412.jpeg 2040w\" sizes=\"(max-width: 1170px) 100vw, 1170px\" \/><\/figure>\n<\/figure>\n<script>function PlayerjsAsync(){} if(window[\"Playerjs\"]){PlayerjsAsync();}<\/script>","protected":false},"excerpt":{"rendered":"<p>Este pasado fin de semana, el auditorio del Centro Cultural de Onil acogi\u00f3 un emotivo y memorable acto organizado por La Colla Colivenca Falla Sant Jaume d\u2019Onil, con motivo de su vig\u00e9simo aniversario. El evento, titulado \u2018CONCERT XX ANIVERSARI\u2019, fue protagonizado por La Colla Rudimentaria y Pandorga, quienes ofrecieron un ...<\/p>\n","protected":false},"author":2,"featured_media":15862,"comment_status":"closed","ping_status":"closed","sticky":false,"template":"","format":"standard","meta":{"_monsterinsights_skip_tracking":false,"_monsterinsights_sitenote_active":false,"_monsterinsights_sitenote_note":"","_monsterinsights_sitenote_category":0,"footnotes":""},"categories":[4],"tags":[174,840,133],"class_list":["post-15861","post","type-post","status-publish","format-standard","has-post-thumbnail","hentry","category-alicante","tag-falla-onil","tag-falla-sant-jaume-onil","tag-onil"],"aioseo_notices":[],"_links":{"self":[{"href":"https:\/\/www.lafresca.fm\/fresca-api-json\/wp\/v2\/posts\/15861","targetHints":{"allow":["GET"]}}],"collection":[{"href":"https:\/\/www.lafresca.fm\/fresca-api-json\/wp\/v2\/posts"}],"about":[{"href":"https:\/\/www.lafresca.fm\/fresca-api-json\/wp\/v2\/types\/post"}],"author":[{"embeddable":true,"href":"https:\/\/www.lafresca.fm\/fresca-api-json\/wp\/v2\/users\/2"}],"replies":[{"embeddable":true,"href":"https:\/\/www.lafresca.fm\/fresca-api-json\/wp\/v2\/comments?post=15861"}],"version-history":[{"count":2,"href":"https:\/\/www.lafresca.fm\/fresca-api-json\/wp\/v2\/posts\/15861\/revisions"}],"predecessor-version":[{"id":15871,"href":"https:\/\/www.lafresca.fm\/fresca-api-json\/wp\/v2\/posts\/15861\/revisions\/15871"}],"wp:featuredmedia":[{"embeddable":true,"href":"https:\/\/www.lafresca.fm\/fresca-api-json\/wp\/v2\/media\/15862"}],"wp:attachment":[{"href":"https:\/\/www.lafresca.fm\/fresca-api-json\/wp\/v2\/media?parent=15861"}],"wp:term":[{"taxonomy":"category","embeddable":true,"href":"https:\/\/www.lafresca.fm\/fresca-api-json\/wp\/v2\/categories?post=15861"},{"taxonomy":"post_tag","embeddable":true,"href":"https:\/\/www.lafresca.fm\/fresca-api-json\/wp\/v2\/tags?post=15861"}],"curies":[{"name":"wp","href":"https:\/\/api.w.org\/{rel}","templated":true}]}}