{"id":15872,"date":"2025-07-22T12:10:55","date_gmt":"2025-07-22T10:10:55","guid":{"rendered":"https:\/\/www.lafresca.fm\/?p=15872"},"modified":"2025-07-22T12:11:02","modified_gmt":"2025-07-22T10:11:02","slug":"comienzan-las-labores-del-voluntariado-en-prevencion-de-incendios-en-onil","status":"publish","type":"post","link":"https:\/\/www.lafresca.fm\/comienzan-las-labores-del-voluntariado-en-prevencion-de-incendios-en-onil\/","title":{"rendered":"Comienzan las labores del voluntariado en prevenci\u00f3n de incendios en Onil"},"content":{"rendered":"\n<p>El grupo de voluntariado encargado de la prevenci\u00f3n de incendios forestales ha comenzado sus labores en los entornos naturales del municipio. Esta iniciativa, impulsada por el compromiso ciudadano y el apoyo del Ayuntamiento, tiene como objetivo proteger las sierras y parajes de la zona durante los meses de mayor riesgo.<\/p>\n\n\n\n<figure class=\"wp-block-image size-large\"><img fetchpriority=\"high\" decoding=\"async\" width=\"1170\" height=\"1170\" src=\"https:\/\/www.lafresca.fm\/f-solosog\/2025\/07\/521328173_1159785122851420_1054042749440850190_n-1170x1170.jpg\" alt=\"\" class=\"wp-image-15873\" srcset=\"https:\/\/www.lafresca.fm\/f-solosog\/2025\/07\/521328173_1159785122851420_1054042749440850190_n-1170x1170.jpg 1170w, https:\/\/www.lafresca.fm\/f-solosog\/2025\/07\/521328173_1159785122851420_1054042749440850190_n-770x770.jpg 770w, https:\/\/www.lafresca.fm\/f-solosog\/2025\/07\/521328173_1159785122851420_1054042749440850190_n-150x150.jpg 150w, https:\/\/www.lafresca.fm\/f-solosog\/2025\/07\/521328173_1159785122851420_1054042749440850190_n-768x768.jpg 768w, https:\/\/www.lafresca.fm\/f-solosog\/2025\/07\/521328173_1159785122851420_1054042749440850190_n-100x100.jpg 100w, https:\/\/www.lafresca.fm\/f-solosog\/2025\/07\/521328173_1159785122851420_1054042749440850190_n-370x370.jpg 370w, https:\/\/www.lafresca.fm\/f-solosog\/2025\/07\/521328173_1159785122851420_1054042749440850190_n.jpg 1200w\" sizes=\"(max-width: 1170px) 100vw, 1170px\" \/><\/figure>\n\n\n\n<p>Las tareas que se est\u00e1n llevando a cabo incluyen labores de vigilancia, concienciaci\u00f3n a la poblaci\u00f3n y control de puntos especialmente sensibles. Todo ello se realiza gracias a la implicaci\u00f3n desinteresada de personas voluntarias que dedican su tiempo a preservar el patrimonio natural de Onil.<\/p>\n\n\n\n<p>Desde el consistorio se ha expresado un profundo agradecimiento a quienes forman parte de esta acci\u00f3n solidaria y se hace un llamamiento a la ciudadan\u00eda para colaborar con comportamientos responsables que eviten cualquier riesgo de incendio.<\/p>\n\n\n\n<p>El trabajo conjunto entre instituciones y voluntariado refuerza la importancia de la prevenci\u00f3n y el cuidado del entorno en un momento especialmente delicado para nuestros espacios naturales.<\/p>\n<script>function PlayerjsAsync(){} if(window[\"Playerjs\"]){PlayerjsAsync();}<\/script>","protected":false},"excerpt":{"rendered":"<p>El grupo de voluntariado encargado de la prevenci\u00f3n de incendios forestales ha comenzado sus labores en los entornos naturales del municipio. Esta iniciativa, impulsada por el compromiso ciudadano y el apoyo del Ayuntamiento, tiene como objetivo proteger las sierras y parajes de la zona durante los meses de mayor riesgo. ...<\/p>\n","protected":false},"author":2,"featured_media":15873,"comment_status":"closed","ping_status":"closed","sticky":false,"template":"","format":"standard","meta":{"_monsterinsights_skip_tracking":false,"_monsterinsights_sitenote_active":false,"_monsterinsights_sitenote_note":"","_monsterinsights_sitenote_category":0,"footnotes":""},"categories":[4],"tags":[133],"class_list":["post-15872","post","type-post","status-publish","format-standard","has-post-thumbnail","hentry","category-alicante","tag-onil"],"aioseo_notices":[],"_links":{"self":[{"href":"https:\/\/www.lafresca.fm\/fresca-api-json\/wp\/v2\/posts\/15872","targetHints":{"allow":["GET"]}}],"collection":[{"href":"https:\/\/www.lafresca.fm\/fresca-api-json\/wp\/v2\/posts"}],"about":[{"href":"https:\/\/www.lafresca.fm\/fresca-api-json\/wp\/v2\/types\/post"}],"author":[{"embeddable":true,"href":"https:\/\/www.lafresca.fm\/fresca-api-json\/wp\/v2\/users\/2"}],"replies":[{"embeddable":true,"href":"https:\/\/www.lafresca.fm\/fresca-api-json\/wp\/v2\/comments?post=15872"}],"version-history":[{"count":1,"href":"https:\/\/www.lafresca.fm\/fresca-api-json\/wp\/v2\/posts\/15872\/revisions"}],"predecessor-version":[{"id":15874,"href":"https:\/\/www.lafresca.fm\/fresca-api-json\/wp\/v2\/posts\/15872\/revisions\/15874"}],"wp:featuredmedia":[{"embeddable":true,"href":"https:\/\/www.lafresca.fm\/fresca-api-json\/wp\/v2\/media\/15873"}],"wp:attachment":[{"href":"https:\/\/www.lafresca.fm\/fresca-api-json\/wp\/v2\/media?parent=15872"}],"wp:term":[{"taxonomy":"category","embeddable":true,"href":"https:\/\/www.lafresca.fm\/fresca-api-json\/wp\/v2\/categories?post=15872"},{"taxonomy":"post_tag","embeddable":true,"href":"https:\/\/www.lafresca.fm\/fresca-api-json\/wp\/v2\/tags?post=15872"}],"curies":[{"name":"wp","href":"https:\/\/api.w.org\/{rel}","templated":true}]}}