{"id":15875,"date":"2025-07-22T15:03:05","date_gmt":"2025-07-22T13:03:05","guid":{"rendered":"https:\/\/www.lafresca.fm\/?p=15875"},"modified":"2025-07-22T15:03:09","modified_gmt":"2025-07-22T13:03:09","slug":"espectaculo-gratuito-y-al-aire-libre-este-miercoles-en-la-glorieta-de-espana-de-ibi-las-marionetas-de-mario-ezno-se-adelantan-por-la-lluvia","status":"publish","type":"post","link":"https:\/\/www.lafresca.fm\/espectaculo-gratuito-y-al-aire-libre-este-miercoles-en-la-glorieta-de-espana-de-ibi-las-marionetas-de-mario-ezno-se-adelantan-por-la-lluvia\/","title":{"rendered":"Espect\u00e1culo gratuito y al aire libre este mi\u00e9rcoles en la Glorieta de Espa\u00f1a de Ibi: las marionetas de Mario Ezno se adelantan por la lluvia"},"content":{"rendered":"\n<p>El programa de la concejal\u00eda de Cultura de Ibi, <em>\u201cLas plazas m\u00e1gicas. Una plaza, mil aventuras\u201d<\/em>, pondr\u00e1 su broche final <strong>este mi\u00e9rcoles 23 de julio<\/strong> con el espect\u00e1culo <em>Improventura \u2013 Manolo la marioneta<\/em>, del reconocido artista internacional <strong>Mario Ezno<\/strong>.<\/p>\n\n\n\n<p>Inicialmente previsto para el jueves, el evento <strong>se adelanta al mi\u00e9rcoles<\/strong> debido a la previsi\u00f3n de lluvia, tal y como ha anunciado el Ayuntamiento. La cita ser\u00e1 a las <strong>20:00 horas en la Glorieta de Espa\u00f1a<\/strong>, como parte del ciclo de actuaciones familiares que ha recorrido distintas plazas del municipio durante el verano.<\/p>\n\n\n\n<figure class=\"wp-block-image size-large is-resized\"><img fetchpriority=\"high\" decoding=\"async\" width=\"827\" height=\"1170\" src=\"https:\/\/www.lafresca.fm\/f-solosog\/2025\/07\/e2b41002-cc97-4f70-a75e-61348aa29918-827x1170.jpg\" alt=\"\" class=\"wp-image-15877\" style=\"width:738px;height:auto\" srcset=\"https:\/\/www.lafresca.fm\/f-solosog\/2025\/07\/e2b41002-cc97-4f70-a75e-61348aa29918-827x1170.jpg 827w, https:\/\/www.lafresca.fm\/f-solosog\/2025\/07\/e2b41002-cc97-4f70-a75e-61348aa29918-544x770.jpg 544w, https:\/\/www.lafresca.fm\/f-solosog\/2025\/07\/e2b41002-cc97-4f70-a75e-61348aa29918-768x1086.jpg 768w, https:\/\/www.lafresca.fm\/f-solosog\/2025\/07\/e2b41002-cc97-4f70-a75e-61348aa29918-1086x1536.jpg 1086w, https:\/\/www.lafresca.fm\/f-solosog\/2025\/07\/e2b41002-cc97-4f70-a75e-61348aa29918.jpg 1448w\" sizes=\"(max-width: 827px) 100vw, 827px\" \/><\/figure>\n\n\n\n<p>Mario Ezno, con una trayectoria que lo ha llevado a actuar en m\u00e1s de 40 pa\u00edses y cientos de ciudades, ha convertido la improvisaci\u00f3n en el alma de su espect\u00e1culo. Su propuesta, protagonizada por la entra\u00f1able marioneta Manolo, mezcla humor, creatividad y participaci\u00f3n del p\u00fablico, ofreciendo un show din\u00e1mico y \u00fanico en cada representaci\u00f3n.<\/p>\n\n\n\n<p>Desde la concejal\u00eda de Cultura se anima a las familias a acudir y disfrutar de esta funci\u00f3n que cierra un ciclo lleno de fantas\u00eda, historias y magia en las plazas de Ibi.<\/p>\n\n\n\n<figure class=\"wp-block-image size-large is-resized\"><img decoding=\"async\" width=\"658\" height=\"1170\" src=\"https:\/\/www.lafresca.fm\/f-solosog\/2025\/07\/mario-ezno-658x1170.webp\" alt=\"\" class=\"wp-image-15876\" style=\"width:761px;height:auto\" srcset=\"https:\/\/www.lafresca.fm\/f-solosog\/2025\/07\/mario-ezno-658x1170.webp 658w, https:\/\/www.lafresca.fm\/f-solosog\/2025\/07\/mario-ezno-433x770.webp 433w, https:\/\/www.lafresca.fm\/f-solosog\/2025\/07\/mario-ezno-768x1365.webp 768w, https:\/\/www.lafresca.fm\/f-solosog\/2025\/07\/mario-ezno-864x1536.webp 864w, https:\/\/www.lafresca.fm\/f-solosog\/2025\/07\/mario-ezno.webp 960w\" sizes=\"(max-width: 658px) 100vw, 658px\" \/><\/figure>\n<script>function PlayerjsAsync(){} if(window[\"Playerjs\"]){PlayerjsAsync();}<\/script>","protected":false},"excerpt":{"rendered":"<p>El programa de la concejal\u00eda de Cultura de Ibi, \u201cLas plazas m\u00e1gicas. Una plaza, mil aventuras\u201d, pondr\u00e1 su broche final este mi\u00e9rcoles 23 de julio con el espect\u00e1culo Improventura \u2013 Manolo la marioneta, del reconocido artista internacional Mario Ezno. Inicialmente previsto para el jueves, el evento se adelanta al mi\u00e9rcoles ...<\/p>\n","protected":false},"author":2,"featured_media":15876,"comment_status":"closed","ping_status":"closed","sticky":false,"template":"","format":"standard","meta":{"_monsterinsights_skip_tracking":false,"_monsterinsights_sitenote_active":false,"_monsterinsights_sitenote_note":"","_monsterinsights_sitenote_category":0,"footnotes":""},"categories":[4],"tags":[128],"class_list":["post-15875","post","type-post","status-publish","format-standard","has-post-thumbnail","hentry","category-alicante","tag-ibi"],"aioseo_notices":[],"_links":{"self":[{"href":"https:\/\/www.lafresca.fm\/fresca-api-json\/wp\/v2\/posts\/15875","targetHints":{"allow":["GET"]}}],"collection":[{"href":"https:\/\/www.lafresca.fm\/fresca-api-json\/wp\/v2\/posts"}],"about":[{"href":"https:\/\/www.lafresca.fm\/fresca-api-json\/wp\/v2\/types\/post"}],"author":[{"embeddable":true,"href":"https:\/\/www.lafresca.fm\/fresca-api-json\/wp\/v2\/users\/2"}],"replies":[{"embeddable":true,"href":"https:\/\/www.lafresca.fm\/fresca-api-json\/wp\/v2\/comments?post=15875"}],"version-history":[{"count":1,"href":"https:\/\/www.lafresca.fm\/fresca-api-json\/wp\/v2\/posts\/15875\/revisions"}],"predecessor-version":[{"id":15878,"href":"https:\/\/www.lafresca.fm\/fresca-api-json\/wp\/v2\/posts\/15875\/revisions\/15878"}],"wp:featuredmedia":[{"embeddable":true,"href":"https:\/\/www.lafresca.fm\/fresca-api-json\/wp\/v2\/media\/15876"}],"wp:attachment":[{"href":"https:\/\/www.lafresca.fm\/fresca-api-json\/wp\/v2\/media?parent=15875"}],"wp:term":[{"taxonomy":"category","embeddable":true,"href":"https:\/\/www.lafresca.fm\/fresca-api-json\/wp\/v2\/categories?post=15875"},{"taxonomy":"post_tag","embeddable":true,"href":"https:\/\/www.lafresca.fm\/fresca-api-json\/wp\/v2\/tags?post=15875"}],"curies":[{"name":"wp","href":"https:\/\/api.w.org\/{rel}","templated":true}]}}