{"id":15879,"date":"2025-07-22T15:44:05","date_gmt":"2025-07-22T13:44:05","guid":{"rendered":"https:\/\/www.lafresca.fm\/?p=15879"},"modified":"2025-07-22T15:44:08","modified_gmt":"2025-07-22T13:44:08","slug":"el-ayuntamiento-de-ibi-y-cruz-roja-firman-su-primer-convenio-de-colaboracion-para-apoyar-a-los-colectivos-mas-vulnerables","status":"publish","type":"post","link":"https:\/\/www.lafresca.fm\/el-ayuntamiento-de-ibi-y-cruz-roja-firman-su-primer-convenio-de-colaboracion-para-apoyar-a-los-colectivos-mas-vulnerables\/","title":{"rendered":"El Ayuntamiento de Ibi y Cruz Roja firman su primer convenio de colaboraci\u00f3n para apoyar a los colectivos m\u00e1s vulnerables"},"content":{"rendered":"\n<ul class=\"wp-block-list\">\n<li>El acuerdo supone la concesi\u00f3n de una subvenci\u00f3n para el desarrollo de programas sociales durante el ejercicio 2025.<\/li>\n<\/ul>\n\n\n\n<p>El Ayuntamiento de Ibi y la Asamblea Local de Cruz Roja Espa\u00f1ola han firmado por primera vez un convenio de colaboraci\u00f3n institucional que refuerza el compromiso de ambas entidades con la atenci\u00f3n a las personas m\u00e1s vulnerables del municipio. El acuerdo supone la concesi\u00f3n de una subvenci\u00f3n nominativa de 20.000 euros para el desarrollo de programas sociales durante el ejercicio 2025.<\/p>\n\n\n\n<p>Con este convenio, suscrito entre el alcalde de Ibi, Sergio Carrasco, y el presidente del Comit\u00e9 Local de Cruz Roja, Rafael Valls, se podr\u00e1n financiar diversos proyectos sociales alineados con el Plan Anual Local de Cruz Roja en Ibi. Estableciendo el marco de colaboraci\u00f3n entre ambas instituciones para llevar a cabo acciones dirigidas a mejorar la calidad de vida de personas en situaci\u00f3n de emergencia social, personas mayores en riesgo de aislamiento, y familias con menores en situaci\u00f3n de vulnerabilidad.<\/p>\n\n\n\n<figure class=\"wp-block-image size-large\"><img fetchpriority=\"high\" decoding=\"async\" width=\"1170\" height=\"878\" src=\"https:\/\/www.lafresca.fm\/f-solosog\/2025\/07\/01-PRENSA-FIRMA-CONVENIO-CRUZ-ROJA-22JUL-25-1170x878.jpg\" alt=\"\" class=\"wp-image-15880\" srcset=\"https:\/\/www.lafresca.fm\/f-solosog\/2025\/07\/01-PRENSA-FIRMA-CONVENIO-CRUZ-ROJA-22JUL-25-1170x878.jpg 1170w, https:\/\/www.lafresca.fm\/f-solosog\/2025\/07\/01-PRENSA-FIRMA-CONVENIO-CRUZ-ROJA-22JUL-25-770x578.jpg 770w, https:\/\/www.lafresca.fm\/f-solosog\/2025\/07\/01-PRENSA-FIRMA-CONVENIO-CRUZ-ROJA-22JUL-25-768x576.jpg 768w, https:\/\/www.lafresca.fm\/f-solosog\/2025\/07\/01-PRENSA-FIRMA-CONVENIO-CRUZ-ROJA-22JUL-25-1536x1152.jpg 1536w, https:\/\/www.lafresca.fm\/f-solosog\/2025\/07\/01-PRENSA-FIRMA-CONVENIO-CRUZ-ROJA-22JUL-25-2048x1536.jpg 2048w\" sizes=\"(max-width: 1170px) 100vw, 1170px\" \/><\/figure>\n\n\n\n<p>Entre las principales actuaciones previstas se encuentran:<\/p>\n\n\n\n<ul class=\"wp-block-list\">\n<li>Atenci\u00f3n a personas en situaci\u00f3n de extrema vulnerabilidad, previa derivaci\u00f3n de Servicios Sociales con informe de valoraci\u00f3n. Se incluye, por un lado, la realizaci\u00f3n de talleres enfocados a revertir y mejorar su situaci\u00f3n de vulnerabilidad y por otro, mediante ayudas econ\u00f3micas y de bienes b\u00e1sicos como alimentaci\u00f3n, farmacia o alojamiento, gestionadas a trav\u00e9s de los Servicios Sociales municipales y con seguimiento de Cruz Roja.<\/li>\n<\/ul>\n\n\n\n<ul class=\"wp-block-list\">\n<li>Apoyo a personas mayores y cuidadoras, con acompa\u00f1amientos a centros de salud, gestiones b\u00e1sicas y actividades para reducir el aislamiento social y fomentar la participaci\u00f3n social.<\/li>\n<\/ul>\n\n\n\n<ul class=\"wp-block-list\">\n<li>Prevenci\u00f3n del absentismo escolar, a trav\u00e9s del proyecto Criando en positivo. Servicio despertador, que garantiza el traslado seguro al centro escolar de menores entre 6 y 17 a\u00f1os en situaci\u00f3n de vulnerabilidad.<\/li>\n<\/ul>\n\n\n\n<p>\u201cEste convenio marca un antes y un despu\u00e9s en nuestra colaboraci\u00f3n con Cruz Roja. Es la primera vez que se formaliza este v\u00ednculo, y lo hacemos convencidos de que la uni\u00f3n entre instituciones es clave para responder a las necesidades sociales de forma \u00e1gil y cercana\u201d, ha declarado el alcalde de Ibi.<\/p>\n\n\n\n<p>\u201cCruz Roja es un referente en solidaridad, compromiso y acci\u00f3n social. Por eso, para el Ayuntamiento de Ibi es una satisfacci\u00f3n poder sumar esfuerzos con una entidad con estos valores y vocaci\u00f3n de servicio p\u00fablico\u201d, ha a\u00f1adido.<\/p>\n\n\n\n<p>El convenio, con vigencia hasta el 31 de diciembre de 2025, contempla la creaci\u00f3n de una comisi\u00f3n mixta de seguimiento encargada de evaluar los resultados, coordinar las acciones y adaptar el acuerdo en funci\u00f3n de las necesidades detectadas.<\/p>\n\n\n\n<p>Con esta iniciativa, el Ayuntamiento de Ibi da un paso firme en su compromiso con las pol\u00edticas sociales y la protecci\u00f3n de las personas m\u00e1s vulnerables, apostando por la colaboraci\u00f3n institucional como eje de una actuaci\u00f3n eficaz.<\/p>\n<script>function PlayerjsAsync(){} if(window[\"Playerjs\"]){PlayerjsAsync();}<\/script>","protected":false},"excerpt":{"rendered":"<p>El Ayuntamiento de Ibi y la Asamblea Local de Cruz Roja Espa\u00f1ola han firmado por primera vez un convenio de colaboraci\u00f3n institucional que refuerza el compromiso de ambas entidades con la atenci\u00f3n a las personas m\u00e1s vulnerables del municipio. El acuerdo supone la concesi\u00f3n de una subvenci\u00f3n nominativa de 20.000 ...<\/p>\n","protected":false},"author":2,"featured_media":15880,"comment_status":"closed","ping_status":"closed","sticky":false,"template":"","format":"standard","meta":{"_monsterinsights_skip_tracking":false,"_monsterinsights_sitenote_active":false,"_monsterinsights_sitenote_note":"","_monsterinsights_sitenote_category":0,"footnotes":""},"categories":[4],"tags":[128],"class_list":["post-15879","post","type-post","status-publish","format-standard","has-post-thumbnail","hentry","category-alicante","tag-ibi"],"aioseo_notices":[],"_links":{"self":[{"href":"https:\/\/www.lafresca.fm\/fresca-api-json\/wp\/v2\/posts\/15879","targetHints":{"allow":["GET"]}}],"collection":[{"href":"https:\/\/www.lafresca.fm\/fresca-api-json\/wp\/v2\/posts"}],"about":[{"href":"https:\/\/www.lafresca.fm\/fresca-api-json\/wp\/v2\/types\/post"}],"author":[{"embeddable":true,"href":"https:\/\/www.lafresca.fm\/fresca-api-json\/wp\/v2\/users\/2"}],"replies":[{"embeddable":true,"href":"https:\/\/www.lafresca.fm\/fresca-api-json\/wp\/v2\/comments?post=15879"}],"version-history":[{"count":1,"href":"https:\/\/www.lafresca.fm\/fresca-api-json\/wp\/v2\/posts\/15879\/revisions"}],"predecessor-version":[{"id":15881,"href":"https:\/\/www.lafresca.fm\/fresca-api-json\/wp\/v2\/posts\/15879\/revisions\/15881"}],"wp:featuredmedia":[{"embeddable":true,"href":"https:\/\/www.lafresca.fm\/fresca-api-json\/wp\/v2\/media\/15880"}],"wp:attachment":[{"href":"https:\/\/www.lafresca.fm\/fresca-api-json\/wp\/v2\/media?parent=15879"}],"wp:term":[{"taxonomy":"category","embeddable":true,"href":"https:\/\/www.lafresca.fm\/fresca-api-json\/wp\/v2\/categories?post=15879"},{"taxonomy":"post_tag","embeddable":true,"href":"https:\/\/www.lafresca.fm\/fresca-api-json\/wp\/v2\/tags?post=15879"}],"curies":[{"name":"wp","href":"https:\/\/api.w.org\/{rel}","templated":true}]}}