{"id":15882,"date":"2025-07-23T15:17:08","date_gmt":"2025-07-23T13:17:08","guid":{"rendered":"https:\/\/www.lafresca.fm\/?p=15882"},"modified":"2025-07-23T15:17:14","modified_gmt":"2025-07-23T13:17:14","slug":"el-nuevo-parking-en-el-solar-de-los-salcedo-de-onil-ya-esta-operativo-y-aliviara-la-presion-de-estacionamiento-en-el-casco-urbano","status":"publish","type":"post","link":"https:\/\/www.lafresca.fm\/el-nuevo-parking-en-el-solar-de-los-salcedo-de-onil-ya-esta-operativo-y-aliviara-la-presion-de-estacionamiento-en-el-casco-urbano\/","title":{"rendered":"El nuevo parking en el solar de los Salcedo de Onil ya est\u00e1 operativo y aliviar\u00e1 la presi\u00f3n de estacionamiento en el casco urbano"},"content":{"rendered":"\n<p>Desde este mi\u00e9rcoles 23 de julio ya se encuentra operativo el nuevo aparcamiento provisional habilitado en el solar de los Salcedo, ubicado en la calle de la Pileta de Onil. Con una capacidad para 100 veh\u00edculos, esta actuaci\u00f3n busca dar respuesta a una demanda hist\u00f3rica de vecinos, comercios y establecimientos hosteleros de la zona, que ven\u00edan reclamando soluciones ante la falta de plazas de aparcamiento en el casco urbano.<\/p>\n\n\n\n<figure class=\"wp-block-image size-large\"><img fetchpriority=\"high\" decoding=\"async\" width=\"1170\" height=\"658\" src=\"https:\/\/www.lafresca.fm\/f-solosog\/2025\/07\/parking-onil-2-1170x658.jpg\" alt=\"\" class=\"wp-image-15884\" srcset=\"https:\/\/www.lafresca.fm\/f-solosog\/2025\/07\/parking-onil-2-1170x658.jpg 1170w, https:\/\/www.lafresca.fm\/f-solosog\/2025\/07\/parking-onil-2-770x433.jpg 770w, https:\/\/www.lafresca.fm\/f-solosog\/2025\/07\/parking-onil-2-768x432.jpg 768w, https:\/\/www.lafresca.fm\/f-solosog\/2025\/07\/parking-onil-2.jpg 1280w\" sizes=\"(max-width: 1170px) 100vw, 1170px\" \/><\/figure>\n\n\n\n<p>La puesta en marcha de este parking tiene como objetivo principal descongestionar el tr\u00e1fico en el centro de la localidad y facilitar el acceso a residentes y visitantes, especialmente en \u00e9pocas de mayor afluencia.<\/p>\n\n\n\n<p>Se trata de una soluci\u00f3n provisional mientras se estudian medidas a largo plazo, pero supone un importante alivio inmediato para una zona que sufre una elevada presi\u00f3n de estacionamiento. Desde el Ayuntamiento se ha valorado positivamente la colaboraci\u00f3n y el consenso entre los vecinos y sectores productivos para llevar a cabo esta intervenci\u00f3n con agilidad.<\/p>\n\n\n\n<p><\/p>\n<script>function PlayerjsAsync(){} if(window[\"Playerjs\"]){PlayerjsAsync();}<\/script>","protected":false},"excerpt":{"rendered":"<p>Desde este mi\u00e9rcoles 23 de julio ya se encuentra operativo el nuevo aparcamiento provisional habilitado en el solar de los Salcedo, ubicado en la calle de la Pileta de Onil. Con una capacidad para 100 veh\u00edculos, esta actuaci\u00f3n busca dar respuesta a una demanda hist\u00f3rica de vecinos, comercios y establecimientos ...<\/p>\n","protected":false},"author":2,"featured_media":15883,"comment_status":"closed","ping_status":"closed","sticky":false,"template":"","format":"standard","meta":{"_monsterinsights_skip_tracking":false,"_monsterinsights_sitenote_active":false,"_monsterinsights_sitenote_note":"","_monsterinsights_sitenote_category":0,"footnotes":""},"categories":[4],"tags":[133],"class_list":["post-15882","post","type-post","status-publish","format-standard","has-post-thumbnail","hentry","category-alicante","tag-onil"],"aioseo_notices":[],"_links":{"self":[{"href":"https:\/\/www.lafresca.fm\/fresca-api-json\/wp\/v2\/posts\/15882","targetHints":{"allow":["GET"]}}],"collection":[{"href":"https:\/\/www.lafresca.fm\/fresca-api-json\/wp\/v2\/posts"}],"about":[{"href":"https:\/\/www.lafresca.fm\/fresca-api-json\/wp\/v2\/types\/post"}],"author":[{"embeddable":true,"href":"https:\/\/www.lafresca.fm\/fresca-api-json\/wp\/v2\/users\/2"}],"replies":[{"embeddable":true,"href":"https:\/\/www.lafresca.fm\/fresca-api-json\/wp\/v2\/comments?post=15882"}],"version-history":[{"count":1,"href":"https:\/\/www.lafresca.fm\/fresca-api-json\/wp\/v2\/posts\/15882\/revisions"}],"predecessor-version":[{"id":15885,"href":"https:\/\/www.lafresca.fm\/fresca-api-json\/wp\/v2\/posts\/15882\/revisions\/15885"}],"wp:featuredmedia":[{"embeddable":true,"href":"https:\/\/www.lafresca.fm\/fresca-api-json\/wp\/v2\/media\/15883"}],"wp:attachment":[{"href":"https:\/\/www.lafresca.fm\/fresca-api-json\/wp\/v2\/media?parent=15882"}],"wp:term":[{"taxonomy":"category","embeddable":true,"href":"https:\/\/www.lafresca.fm\/fresca-api-json\/wp\/v2\/categories?post=15882"},{"taxonomy":"post_tag","embeddable":true,"href":"https:\/\/www.lafresca.fm\/fresca-api-json\/wp\/v2\/tags?post=15882"}],"curies":[{"name":"wp","href":"https:\/\/api.w.org\/{rel}","templated":true}]}}