{"id":15886,"date":"2025-07-23T15:52:11","date_gmt":"2025-07-23T13:52:11","guid":{"rendered":"https:\/\/www.lafresca.fm\/?p=15886"},"modified":"2025-07-23T15:53:01","modified_gmt":"2025-07-23T13:53:01","slug":"entrevista-a-santi-rico-y-rosana-silvestre-para-hablar-del-servicio-gratuito-mediaprop-y-de-actualidad-municipal","status":"publish","type":"post","link":"https:\/\/www.lafresca.fm\/entrevista-a-santi-rico-y-rosana-silvestre-para-hablar-del-servicio-gratuito-mediaprop-y-de-actualidad-municipal\/","title":{"rendered":"Entrevista a Santi Rico y Rosana Silvestre para hablar del  servicio gratuito MEDIAPROP y de actualidad municipal"},"content":{"rendered":"\n<figure class=\"wp-block-audio\"><audio controls src=\"https:\/\/www.lafresca.fm\/f-solosog\/2025\/07\/Enrevista-Mediaprop-y-Rosana-Silvestre-23-7-25.mp3\"><\/audio><\/figure>\n\n\n\n<p>Este mi\u00e9rcoles hemos contado con la participaci\u00f3n de Santi Rico, abogado mediador del servicio MEDIAPROP, y Rosana Silvestre, regidora del Ayuntamiento de Onil, para presentar el nuevo servicio de mediaci\u00f3n que comenzar\u00e1 a funcionar en la localidad a partir del mes de septiembre.<\/p>\n\n\n\n<p>Durante la entrevista, se ha informado de que el servicio MEDIAPROP ofrecer\u00e1 atenci\u00f3n personalizada a la ciudadan\u00eda dos viernes al mes, en horario de 9 a 14 h. Su finalidad es proporcionar informaci\u00f3n y asesoramiento sobre la mediaci\u00f3n como alternativa gratuita y eficaz a los procesos judiciales. Este servicio, financiado por la Generalitat Valenciana, se pondr\u00e1 a disposici\u00f3n del p\u00fablico de forma totalmente gratuita.<\/p>\n\n\n\n<p>Ya es posible solicitar cita previa llamando al tel\u00e9fono del Ayuntamiento de Onil (966 54 47 45) o directamente al n\u00famero del abogado mediador, Santi Rico (651 175 396).<\/p>\n\n\n\n<figure class=\"wp-block-image size-large\"><img fetchpriority=\"high\" decoding=\"async\" width=\"1170\" height=\"878\" src=\"https:\/\/www.lafresca.fm\/f-solosog\/2025\/07\/mediaprop-onil-23725-1170x878.jpg\" alt=\"\" class=\"wp-image-15888\" srcset=\"https:\/\/www.lafresca.fm\/f-solosog\/2025\/07\/mediaprop-onil-23725-1170x878.jpg 1170w, https:\/\/www.lafresca.fm\/f-solosog\/2025\/07\/mediaprop-onil-23725-770x578.jpg 770w, https:\/\/www.lafresca.fm\/f-solosog\/2025\/07\/mediaprop-onil-23725-768x576.jpg 768w, https:\/\/www.lafresca.fm\/f-solosog\/2025\/07\/mediaprop-onil-23725-1536x1152.jpg 1536w, https:\/\/www.lafresca.fm\/f-solosog\/2025\/07\/mediaprop-onil-23725.jpg 2000w\" sizes=\"(max-width: 1170px) 100vw, 1170px\" \/><\/figure>\n\n\n\n<p>Adem\u00e1s del nuevo servicio, Rosana Silvestre ha aprovechado la ocasi\u00f3n para repasar otros temas de inter\u00e9s municipal. Entre ellos, las festividades de Sant Jaume (Falla), Santa Ana, <em>Mon Anem a Agost<\/em>, la organizaci\u00f3n de la escuela de verano para el mes de agosto, as\u00ed como las campa\u00f1as de desinsectaci\u00f3n llevadas a cabo en varios puntos del municipio para combatir la proliferaci\u00f3n de cucarachas.<\/p>\n<script>function PlayerjsAsync(){} if(window[\"Playerjs\"]){PlayerjsAsync();}<\/script>","protected":false},"excerpt":{"rendered":"<p>Este mi\u00e9rcoles hemos contado con la participaci\u00f3n de Santi Rico, abogado mediador del servicio MEDIAPROP, y Rosana Silvestre, regidora del Ayuntamiento de Onil, para presentar el nuevo servicio de mediaci\u00f3n que comenzar\u00e1 a funcionar en la localidad a partir del mes de septiembre. Durante la entrevista, se ha informado de ...<\/p>\n","protected":false},"author":2,"featured_media":15888,"comment_status":"closed","ping_status":"closed","sticky":false,"template":"","format":"standard","meta":{"_monsterinsights_skip_tracking":false,"_monsterinsights_sitenote_active":false,"_monsterinsights_sitenote_note":"","_monsterinsights_sitenote_category":0,"footnotes":""},"categories":[4],"tags":[626,133],"class_list":["post-15886","post","type-post","status-publish","format-standard","has-post-thumbnail","hentry","category-alicante","tag-mediaprop","tag-onil"],"aioseo_notices":[],"_links":{"self":[{"href":"https:\/\/www.lafresca.fm\/fresca-api-json\/wp\/v2\/posts\/15886","targetHints":{"allow":["GET"]}}],"collection":[{"href":"https:\/\/www.lafresca.fm\/fresca-api-json\/wp\/v2\/posts"}],"about":[{"href":"https:\/\/www.lafresca.fm\/fresca-api-json\/wp\/v2\/types\/post"}],"author":[{"embeddable":true,"href":"https:\/\/www.lafresca.fm\/fresca-api-json\/wp\/v2\/users\/2"}],"replies":[{"embeddable":true,"href":"https:\/\/www.lafresca.fm\/fresca-api-json\/wp\/v2\/comments?post=15886"}],"version-history":[{"count":1,"href":"https:\/\/www.lafresca.fm\/fresca-api-json\/wp\/v2\/posts\/15886\/revisions"}],"predecessor-version":[{"id":15889,"href":"https:\/\/www.lafresca.fm\/fresca-api-json\/wp\/v2\/posts\/15886\/revisions\/15889"}],"wp:featuredmedia":[{"embeddable":true,"href":"https:\/\/www.lafresca.fm\/fresca-api-json\/wp\/v2\/media\/15888"}],"wp:attachment":[{"href":"https:\/\/www.lafresca.fm\/fresca-api-json\/wp\/v2\/media?parent=15886"}],"wp:term":[{"taxonomy":"category","embeddable":true,"href":"https:\/\/www.lafresca.fm\/fresca-api-json\/wp\/v2\/categories?post=15886"},{"taxonomy":"post_tag","embeddable":true,"href":"https:\/\/www.lafresca.fm\/fresca-api-json\/wp\/v2\/tags?post=15886"}],"curies":[{"name":"wp","href":"https:\/\/api.w.org\/{rel}","templated":true}]}}