{"id":15890,"date":"2025-07-23T16:03:44","date_gmt":"2025-07-23T14:03:44","guid":{"rendered":"https:\/\/www.lafresca.fm\/?p=15890"},"modified":"2025-07-23T16:03:48","modified_gmt":"2025-07-23T14:03:48","slug":"nace-castalla-activa-la-nueva-asociacion-para-revitalizar-el-comercio-los-servicios-y-el-ocio-de-la-localidad","status":"publish","type":"post","link":"https:\/\/www.lafresca.fm\/nace-castalla-activa-la-nueva-asociacion-para-revitalizar-el-comercio-los-servicios-y-el-ocio-de-la-localidad\/","title":{"rendered":"Nace Castalla Activa, la nueva asociaci\u00f3n para revitalizar el comercio, los servicios y el ocio de la localidad"},"content":{"rendered":"\n<ul class=\"wp-block-list\">\n<li><strong>El objetivo de esta nueva corporaci\u00f3n es agrupar a comercios, servicios y ocio de Castalla para potenciar el comercio de proximidad.<\/strong><\/li>\n<\/ul>\n\n\n\n<p>La Concejal\u00eda de Comercio ha presentado hoy la Asociaci\u00f3n Castalla Activa, que pretende aglutinar el m\u00e1ximo n\u00famero de comercios, locales de ocio y servicios del municipio.<\/p>\n\n\n\n<p>En la presentaci\u00f3n han participado Jes\u00fas L\u00f3pez, Alcalde de Castalla, as\u00ed como Jos\u00e9 Rico, concejal de Comercio, y Salvador Dur\u00e1, presidente de la reci\u00e9n creada asociaci\u00f3n local de comerciantes: Castalla Activa <\/p>\n\n\n\n<p>Desde el Ayuntamiento de Castalla se ha transmitido a los comerciantes un \u201ctotal apoyo e implicaci\u00f3n en esta iniciativa\u201d y se ha subrayado \u201cla importancia de trabajar conjuntamente para dar un impulso y revitalizar el comercio local\u201d.<\/p>\n\n\n\n<p>Por su parte, Salvador Dur\u00e1 ha destacado que \u201cCastalla necesitaba un cambio, actualizarse y ponerse en marcha y con esta asociaci\u00f3n, que ya est\u00e1 constituida legalmente y que ha contado con la ayuda de FACPYME, comienza una nueva etapa en la localidad. Nuestra intenci\u00f3n es activar el comercio y, para ello, necesitamos que se asocie el mayor n\u00famero posible de comerciantes. Eso nos ayudar\u00e1 a hacer una red comercial m\u00e1s fuerte y a poder pedir subvenciones\u201d.<\/p>\n\n\n\n<figure class=\"wp-block-image size-large\"><img fetchpriority=\"high\" decoding=\"async\" width=\"1170\" height=\"878\" src=\"https:\/\/www.lafresca.fm\/f-solosog\/2025\/07\/IMG-20250723-WA0017-1170x878.jpg\" alt=\"\" class=\"wp-image-15891\" srcset=\"https:\/\/www.lafresca.fm\/f-solosog\/2025\/07\/IMG-20250723-WA0017-1170x878.jpg 1170w, https:\/\/www.lafresca.fm\/f-solosog\/2025\/07\/IMG-20250723-WA0017-770x578.jpg 770w, https:\/\/www.lafresca.fm\/f-solosog\/2025\/07\/IMG-20250723-WA0017-768x576.jpg 768w, https:\/\/www.lafresca.fm\/f-solosog\/2025\/07\/IMG-20250723-WA0017-1536x1152.jpg 1536w, https:\/\/www.lafresca.fm\/f-solosog\/2025\/07\/IMG-20250723-WA0017.jpg 1600w\" sizes=\"(max-width: 1170px) 100vw, 1170px\" \/><\/figure>\n\n\n\n<p>En la nueva Junta Directiva \u201chemos querido que estuvieran representados los distintos sectores y gremios, tanto de comercios como de servicios\u201d. Porque \u201cenglobando muchos comercios diferentes podremos transmitir m\u00e1s fuerza que por separado\u201d. Formar parte de Castalla Activa \u201cno hay que verlo como un gasto, sino como una inversi\u00f3n\u201d.<\/p>\n\n\n\n<p>Actualmente, a nivel general, el comercio est\u00e1 pasando por una situaci\u00f3n dif\u00edcil. \u201cTenemos un contrincante muy potente que es el comercio online. Pero Castalla Activa nace para que nuestros ciudadanos y ciudadanas vuelvan a creer en el comercio de proximidad y para reivindicar que es fundamental para una localidad, porque es el motor econ\u00f3mico y social que le da vida\u201d, como ha anunciado Dur\u00e1.<\/p>\n\n\n\n<p>Ante esta situaci\u00f3n, el concejal del \u00e1rea ha a\u00f1adido que \u201ccon la creaci\u00f3n de esta asociaci\u00f3n dispondremos de m\u00e1s armas para competir contra las grandes empresas online\u201d. No obstante, \u201cnuestra idea no es ir contra ellas, sino ofrecer a los clientes la diferencia, aportar valores que no se encuentran en un clic y s\u00ed en las tiendas de barrio\u201d.<\/p>\n\n\n\n<p>En este sentido, \u201ctenemos previstos proyectos y campa\u00f1as para beneficiar tanto a los ciudadanos como a los comerciantes\u201d. Jos\u00e9 Rico ha a\u00f1adido que \u201cel comercio local es un ser vivo que evoluciona continuamente\u201d.<\/p>\n\n\n\n<p>Adem\u00e1s, Salvador Dur\u00e1 es consciente \u201cde que no podemos quedarnos obsoletos y con Internet se ha subido un pelda\u00f1o muy importante\u201d. Por eso, \u201caunque el peque\u00f1o comercio no pueda competir con Internet, no podemos estancarnos en el pasado y tenemos que actualizarnos\u201d. En esta l\u00ednea, \u201chemos pensado crear una plataforma online desde la asociaci\u00f3n donde los comerciantes de Castalla asociados puedan vender sus productos tambi\u00e9n a trav\u00e9s de la web\u201d.<\/p>\n\n\n\n<p>Finalmente, tanto el concejal del \u00e1rea como el presidente de la reci\u00e9n creada asociaci\u00f3n, han invitado \u201ca todos los comercios, locales de ocio y servicios de Castalla a sumarse a esta iniciativa, porque la uni\u00f3n hace la fuerza y, as\u00ed, podremos conseguir muchos m\u00e1s beneficios\u201d. Y, a la poblaci\u00f3n, \u201cles pedimos que colaboren para que el comercio tenga vida y no haya m\u00e1s locales cerrados\u201d.<\/p>\n<script>function PlayerjsAsync(){} if(window[\"Playerjs\"]){PlayerjsAsync();}<\/script>","protected":false},"excerpt":{"rendered":"<p>La Concejal\u00eda de Comercio ha presentado hoy la Asociaci\u00f3n Castalla Activa, que pretende aglutinar el m\u00e1ximo n\u00famero de comercios, locales de ocio y servicios del municipio. En la presentaci\u00f3n han participado Jes\u00fas L\u00f3pez, Alcalde de Castalla, as\u00ed como Jos\u00e9 Rico, concejal de Comercio, y Salvador Dur\u00e1, presidente de la reci\u00e9n ...<\/p>\n","protected":false},"author":2,"featured_media":15891,"comment_status":"closed","ping_status":"closed","sticky":false,"template":"","format":"standard","meta":{"_monsterinsights_skip_tracking":false,"_monsterinsights_sitenote_active":false,"_monsterinsights_sitenote_note":"","_monsterinsights_sitenote_category":0,"footnotes":""},"categories":[4],"tags":[144,875],"class_list":["post-15890","post","type-post","status-publish","format-standard","has-post-thumbnail","hentry","category-alicante","tag-castalla","tag-castalla-activa"],"aioseo_notices":[],"_links":{"self":[{"href":"https:\/\/www.lafresca.fm\/fresca-api-json\/wp\/v2\/posts\/15890","targetHints":{"allow":["GET"]}}],"collection":[{"href":"https:\/\/www.lafresca.fm\/fresca-api-json\/wp\/v2\/posts"}],"about":[{"href":"https:\/\/www.lafresca.fm\/fresca-api-json\/wp\/v2\/types\/post"}],"author":[{"embeddable":true,"href":"https:\/\/www.lafresca.fm\/fresca-api-json\/wp\/v2\/users\/2"}],"replies":[{"embeddable":true,"href":"https:\/\/www.lafresca.fm\/fresca-api-json\/wp\/v2\/comments?post=15890"}],"version-history":[{"count":1,"href":"https:\/\/www.lafresca.fm\/fresca-api-json\/wp\/v2\/posts\/15890\/revisions"}],"predecessor-version":[{"id":15892,"href":"https:\/\/www.lafresca.fm\/fresca-api-json\/wp\/v2\/posts\/15890\/revisions\/15892"}],"wp:featuredmedia":[{"embeddable":true,"href":"https:\/\/www.lafresca.fm\/fresca-api-json\/wp\/v2\/media\/15891"}],"wp:attachment":[{"href":"https:\/\/www.lafresca.fm\/fresca-api-json\/wp\/v2\/media?parent=15890"}],"wp:term":[{"taxonomy":"category","embeddable":true,"href":"https:\/\/www.lafresca.fm\/fresca-api-json\/wp\/v2\/categories?post=15890"},{"taxonomy":"post_tag","embeddable":true,"href":"https:\/\/www.lafresca.fm\/fresca-api-json\/wp\/v2\/tags?post=15890"}],"curies":[{"name":"wp","href":"https:\/\/api.w.org\/{rel}","templated":true}]}}