{"id":15896,"date":"2025-07-24T08:55:00","date_gmt":"2025-07-24T06:55:00","guid":{"rendered":"https:\/\/www.lafresca.fm\/?p=15896"},"modified":"2025-07-24T09:01:45","modified_gmt":"2025-07-24T07:01:45","slug":"extinguido-el-incendio-forestal-de-ibi-tras-arrasar-185-hectareas-147-de-ellas-en-la-font-roja","status":"publish","type":"post","link":"https:\/\/www.lafresca.fm\/extinguido-el-incendio-forestal-de-ibi-tras-arrasar-185-hectareas-147-de-ellas-en-la-font-roja\/","title":{"rendered":"EXTINGUIDO el incendio forestal de Ibi tras arrasar 185 hect\u00e1reas, 147 de ellas en la Font Roja"},"content":{"rendered":"\n<p><br>El incendio forestal declarado el pasado <strong>viernes, 18 de julio<\/strong>, en el t\u00e9rmino municipal de <strong>Ibi<\/strong> ha sido declarado <strong>extinguido a las 06:57 horas de este jueves 24 de julio<\/strong>, tras varios d\u00edas de intensas labores de extinci\u00f3n por parte de medios terrestres y a\u00e9reos. As\u00ed lo ha confirmado el <strong>Centro de Coordinaci\u00f3n de Emergencias de la Generalitat Valenciana<\/strong>.<\/p>\n\n\n\n<p>El fuego, que afect\u00f3 a <strong>185 hect\u00e1reas<\/strong>, de las cuales <strong>147 pertenecen al Parque Natural de la Font Roja<\/strong>, se estabiliz\u00f3 el s\u00e1bado y qued\u00f3 <strong>controlado el domingo a las 18:00 horas<\/strong>. Durante este tiempo, el incendio se extendi\u00f3 incluso al t\u00e9rmino municipal de <strong>Alcoi<\/strong>, generando preocupaci\u00f3n por su cercan\u00eda a zonas de alto valor ecol\u00f3gico.<\/p>\n\n\n\n<p>El incendio motiv\u00f3 la activaci\u00f3n del <strong>nivel 2 del Plan Especial de Incendios Forestales (PEIF)<\/strong>, lo que supuso la movilizaci\u00f3n de la <strong>Unidad Militar de Emergencias (UME)<\/strong>. No obstante, gracias a la evoluci\u00f3n favorable del fuego, el plan fue rebajado a <strong>nivel 1<\/strong> el domingo, y los efectivos de la UME fueron desmovilizados.<\/p>\n\n\n\n<p>Durante los d\u00edas posteriores, se mantuvieron trabajos de vigilancia con medios a\u00e9reos y terrestres para localizar y eliminar posibles <strong>puntos calientes<\/strong> que pudieran reactivar las llamas. Finalmente, esta ma\u00f1ana se ha confirmado su completa <strong>extinci\u00f3n<\/strong>.<\/p>\n\n\n\n<h3 class=\"wp-block-heading\">Investigaci\u00f3n en marcha: el origen, bajo sospecha<\/h3>\n\n\n\n<p>Las primeras investigaciones apuntan a que el origen del incendio podr\u00eda estar relacionado con una <strong>comunidad religiosa situada en la zona<\/strong>, aunque <strong>el Servicio de Protecci\u00f3n de la Naturaleza (SEPRONA)<\/strong> de la Guardia Civil contin\u00faa analizando los hechos. No se descarta ninguna hip\u00f3tesis, incluida la imprudencia o un fallo accidental en instalaciones pr\u00f3ximas.<\/p>\n\n\n\n<h3 class=\"wp-block-heading\">Da\u00f1os en un entorno de alto valor ecol\u00f3gico<\/h3>\n\n\n\n<p>El Parque Natural de la Font Roja, una de las joyas naturales de la provincia de Alicante, ha sido uno de los grandes damnificados por el incendio. Las autoridades medioambientales realizar\u00e1n una evaluaci\u00f3n t\u00e9cnica en los pr\u00f3ximos d\u00edas para determinar el alcance del da\u00f1o ecol\u00f3gico y establecer un plan de recuperaci\u00f3n de la zona afectada.<\/p>\n\n\n\n<h3 class=\"wp-block-heading\">Reconocimiento a los equipos de emergencia<\/h3>\n\n\n\n<p>El Ayuntamiento de Ibi, la Generalitat Valenciana y otros organismos implicados han expresado su agradecimiento a los <strong>bomberos, brigadas forestales, Protecci\u00f3n Civil, UME y voluntarios<\/strong> por su r\u00e1pida intervenci\u00f3n, que evit\u00f3 consecuencias mayores.<\/p>\n\n\n\n<p>Las autoridades insisten en la <strong>prudencia ciudadana<\/strong> y recuerdan que la situaci\u00f3n de alto riesgo se mantiene en toda la Comunitat Valenciana debido a las altas temperaturas, la baja humedad y la sequedad del terreno.<\/p>\n\n\n\n<figure class=\"wp-block-gallery has-nested-images columns-default is-cropped wp-block-gallery-1 is-layout-flex wp-block-gallery-is-layout-flex\">\n<figure class=\"wp-block-image size-large\"><img fetchpriority=\"high\" decoding=\"async\" width=\"1170\" height=\"780\" data-id=\"15897\" src=\"https:\/\/www.lafresca.fm\/f-solosog\/2025\/07\/6138122d-5433-4880-90e7-e4a303f19924_source-aspect-ratio_default_0-1170x780.jpg\" alt=\"\" class=\"wp-image-15897\" srcset=\"https:\/\/www.lafresca.fm\/f-solosog\/2025\/07\/6138122d-5433-4880-90e7-e4a303f19924_source-aspect-ratio_default_0-1170x780.jpg 1170w, https:\/\/www.lafresca.fm\/f-solosog\/2025\/07\/6138122d-5433-4880-90e7-e4a303f19924_source-aspect-ratio_default_0-770x513.jpg 770w, https:\/\/www.lafresca.fm\/f-solosog\/2025\/07\/6138122d-5433-4880-90e7-e4a303f19924_source-aspect-ratio_default_0-768x512.jpg 768w, https:\/\/www.lafresca.fm\/f-solosog\/2025\/07\/6138122d-5433-4880-90e7-e4a303f19924_source-aspect-ratio_default_0-1536x1024.jpg 1536w, https:\/\/www.lafresca.fm\/f-solosog\/2025\/07\/6138122d-5433-4880-90e7-e4a303f19924_source-aspect-ratio_default_0.jpg 2000w\" sizes=\"(max-width: 1170px) 100vw, 1170px\" \/><\/figure>\n\n\n\n<figure class=\"wp-block-image size-large\"><img decoding=\"async\" width=\"1170\" height=\"780\" data-id=\"15898\" src=\"https:\/\/www.lafresca.fm\/f-solosog\/2025\/07\/3e2d6154-1ea3-4177-97fc-0d8a71939484_source-aspect-ratio_default_0-1170x780.jpg\" alt=\"\" class=\"wp-image-15898\" srcset=\"https:\/\/www.lafresca.fm\/f-solosog\/2025\/07\/3e2d6154-1ea3-4177-97fc-0d8a71939484_source-aspect-ratio_default_0-1170x780.jpg 1170w, https:\/\/www.lafresca.fm\/f-solosog\/2025\/07\/3e2d6154-1ea3-4177-97fc-0d8a71939484_source-aspect-ratio_default_0-770x513.jpg 770w, https:\/\/www.lafresca.fm\/f-solosog\/2025\/07\/3e2d6154-1ea3-4177-97fc-0d8a71939484_source-aspect-ratio_default_0-768x512.jpg 768w, https:\/\/www.lafresca.fm\/f-solosog\/2025\/07\/3e2d6154-1ea3-4177-97fc-0d8a71939484_source-aspect-ratio_default_0-1536x1024.jpg 1536w, https:\/\/www.lafresca.fm\/f-solosog\/2025\/07\/3e2d6154-1ea3-4177-97fc-0d8a71939484_source-aspect-ratio_default_0.jpg 2000w\" sizes=\"(max-width: 1170px) 100vw, 1170px\" \/><\/figure>\n\n\n\n<figure class=\"wp-block-image size-large\"><img decoding=\"async\" width=\"1170\" height=\"780\" data-id=\"15899\" src=\"https:\/\/www.lafresca.fm\/f-solosog\/2025\/07\/b11faf8d-5f25-418a-b34d-417ce791aa96_source-aspect-ratio_default_0-1170x780.jpg\" alt=\"\" class=\"wp-image-15899\" srcset=\"https:\/\/www.lafresca.fm\/f-solosog\/2025\/07\/b11faf8d-5f25-418a-b34d-417ce791aa96_source-aspect-ratio_default_0-1170x780.jpg 1170w, https:\/\/www.lafresca.fm\/f-solosog\/2025\/07\/b11faf8d-5f25-418a-b34d-417ce791aa96_source-aspect-ratio_default_0-770x513.jpg 770w, https:\/\/www.lafresca.fm\/f-solosog\/2025\/07\/b11faf8d-5f25-418a-b34d-417ce791aa96_source-aspect-ratio_default_0-768x512.jpg 768w, https:\/\/www.lafresca.fm\/f-solosog\/2025\/07\/b11faf8d-5f25-418a-b34d-417ce791aa96_source-aspect-ratio_default_0-1536x1024.jpg 1536w, https:\/\/www.lafresca.fm\/f-solosog\/2025\/07\/b11faf8d-5f25-418a-b34d-417ce791aa96_source-aspect-ratio_default_0.jpg 2000w\" sizes=\"(max-width: 1170px) 100vw, 1170px\" \/><\/figure>\n\n\n\n<figure class=\"wp-block-image size-large\"><img loading=\"lazy\" decoding=\"async\" width=\"1170\" height=\"658\" data-id=\"15900\" src=\"https:\/\/www.lafresca.fm\/f-solosog\/2025\/07\/23947b28-c4f0-4147-9b1d-998035a3c86d_source-aspect-ratio_default_0-1170x658.jpg\" alt=\"\" class=\"wp-image-15900\" srcset=\"https:\/\/www.lafresca.fm\/f-solosog\/2025\/07\/23947b28-c4f0-4147-9b1d-998035a3c86d_source-aspect-ratio_default_0-1170x658.jpg 1170w, https:\/\/www.lafresca.fm\/f-solosog\/2025\/07\/23947b28-c4f0-4147-9b1d-998035a3c86d_source-aspect-ratio_default_0-770x433.jpg 770w, https:\/\/www.lafresca.fm\/f-solosog\/2025\/07\/23947b28-c4f0-4147-9b1d-998035a3c86d_source-aspect-ratio_default_0-768x432.jpg 768w, https:\/\/www.lafresca.fm\/f-solosog\/2025\/07\/23947b28-c4f0-4147-9b1d-998035a3c86d_source-aspect-ratio_default_0-1536x864.jpg 1536w, https:\/\/www.lafresca.fm\/f-solosog\/2025\/07\/23947b28-c4f0-4147-9b1d-998035a3c86d_source-aspect-ratio_default_0.jpg 2000w\" sizes=\"(max-width: 1170px) 100vw, 1170px\" \/><\/figure>\n<\/figure>\n<script>function PlayerjsAsync(){} if(window[\"Playerjs\"]){PlayerjsAsync();}<\/script>","protected":false},"excerpt":{"rendered":"<p>El incendio forestal declarado el pasado viernes, 18 de julio, en el t\u00e9rmino municipal de Ibi ha sido declarado extinguido a las 06:57 horas de este jueves 24 de julio, tras varios d\u00edas de intensas labores de extinci\u00f3n por parte de medios terrestres y a\u00e9reos. As\u00ed lo ha confirmado el ...<\/p>\n","protected":false},"author":2,"featured_media":15900,"comment_status":"closed","ping_status":"closed","sticky":false,"template":"","format":"standard","meta":{"_monsterinsights_skip_tracking":false,"_monsterinsights_sitenote_active":false,"_monsterinsights_sitenote_note":"","_monsterinsights_sitenote_category":0,"footnotes":""},"categories":[4],"tags":[128],"class_list":["post-15896","post","type-post","status-publish","format-standard","has-post-thumbnail","hentry","category-alicante","tag-ibi"],"aioseo_notices":[],"_links":{"self":[{"href":"https:\/\/www.lafresca.fm\/fresca-api-json\/wp\/v2\/posts\/15896","targetHints":{"allow":["GET"]}}],"collection":[{"href":"https:\/\/www.lafresca.fm\/fresca-api-json\/wp\/v2\/posts"}],"about":[{"href":"https:\/\/www.lafresca.fm\/fresca-api-json\/wp\/v2\/types\/post"}],"author":[{"embeddable":true,"href":"https:\/\/www.lafresca.fm\/fresca-api-json\/wp\/v2\/users\/2"}],"replies":[{"embeddable":true,"href":"https:\/\/www.lafresca.fm\/fresca-api-json\/wp\/v2\/comments?post=15896"}],"version-history":[{"count":3,"href":"https:\/\/www.lafresca.fm\/fresca-api-json\/wp\/v2\/posts\/15896\/revisions"}],"predecessor-version":[{"id":15903,"href":"https:\/\/www.lafresca.fm\/fresca-api-json\/wp\/v2\/posts\/15896\/revisions\/15903"}],"wp:featuredmedia":[{"embeddable":true,"href":"https:\/\/www.lafresca.fm\/fresca-api-json\/wp\/v2\/media\/15900"}],"wp:attachment":[{"href":"https:\/\/www.lafresca.fm\/fresca-api-json\/wp\/v2\/media?parent=15896"}],"wp:term":[{"taxonomy":"category","embeddable":true,"href":"https:\/\/www.lafresca.fm\/fresca-api-json\/wp\/v2\/categories?post=15896"},{"taxonomy":"post_tag","embeddable":true,"href":"https:\/\/www.lafresca.fm\/fresca-api-json\/wp\/v2\/tags?post=15896"}],"curies":[{"name":"wp","href":"https:\/\/api.w.org\/{rel}","templated":true}]}}