{"id":15908,"date":"2025-07-24T12:00:43","date_gmt":"2025-07-24T10:00:43","guid":{"rendered":"https:\/\/www.lafresca.fm\/?p=15908"},"modified":"2025-07-24T12:00:48","modified_gmt":"2025-07-24T10:00:48","slug":"el-ayuntamiento-de-onil-inaugura-un-nuevo-parque-canino","status":"publish","type":"post","link":"https:\/\/www.lafresca.fm\/el-ayuntamiento-de-onil-inaugura-un-nuevo-parque-canino\/","title":{"rendered":"El Ayuntamiento de Onil inaugura un nuevo parque canino."},"content":{"rendered":"\n<p>El Ayuntamiento de Onil ha puesto en funcionamiento un nuevo parque canino en la Avenida V Centenario de Am\u00e9rica, dando respuesta a una necesidad muy demandada por la poblaci\u00f3n y reafirmando su compromiso con el bienestar animal y la mejora de los espacios p\u00fablicos.<\/p>\n\n\n\n<p>El nuevo parque, situado en una zona privilegiada con sombra natural, ha sido dise\u00f1ado pensando tanto en los animales como en sus cuidadores. El espacio est\u00e1 equipado con bancos para los usuarios y una fuente doble, que incluye bebedero para personas y bebedero adaptado para perros, con el objetivo de garantizar una experiencia c\u00f3moda y segura.<\/p>\n\n\n\n<p>Esta actuaci\u00f3n forma parte de las iniciativas del consistorio para mejorar la calidad de vida en Onil, ofreciendo entornos m\u00e1s accesibles, funcionales y adaptados a las necesidades actuales de la ciudadan\u00eda. El nuevo parque canino se suma as\u00ed a la red de espacios urbanos pensados para la convivencia responsable con los animales de compa\u00f1\u00eda.<\/p>\n\n\n\n<p>Desde el Ayuntamiento se invita a todos los propietarios de mascotas a disfrutar de este nuevo espacio, haciendo un uso c\u00edvico y respetuoso del mismo.<\/p>\n\n\n\n<figure class=\"wp-block-gallery has-nested-images columns-default is-cropped wp-block-gallery-1 is-layout-flex wp-block-gallery-is-layout-flex\">\n<figure class=\"wp-block-image size-large\"><img fetchpriority=\"high\" decoding=\"async\" width=\"1170\" height=\"878\" data-id=\"15910\" src=\"https:\/\/www.lafresca.fm\/f-solosog\/2025\/07\/WhatsApp-Image-2025-07-24-at-11.48.41-1-1170x878.jpeg\" alt=\"\" class=\"wp-image-15910\" srcset=\"https:\/\/www.lafresca.fm\/f-solosog\/2025\/07\/WhatsApp-Image-2025-07-24-at-11.48.41-1-1170x878.jpeg 1170w, https:\/\/www.lafresca.fm\/f-solosog\/2025\/07\/WhatsApp-Image-2025-07-24-at-11.48.41-1-770x578.jpeg 770w, https:\/\/www.lafresca.fm\/f-solosog\/2025\/07\/WhatsApp-Image-2025-07-24-at-11.48.41-1-768x576.jpeg 768w, https:\/\/www.lafresca.fm\/f-solosog\/2025\/07\/WhatsApp-Image-2025-07-24-at-11.48.41-1-1536x1152.jpeg 1536w, https:\/\/www.lafresca.fm\/f-solosog\/2025\/07\/WhatsApp-Image-2025-07-24-at-11.48.41-1.jpeg 1600w\" sizes=\"(max-width: 1170px) 100vw, 1170px\" \/><\/figure>\n\n\n\n<figure class=\"wp-block-image size-large\"><img decoding=\"async\" width=\"1170\" height=\"878\" data-id=\"15911\" src=\"https:\/\/www.lafresca.fm\/f-solosog\/2025\/07\/WhatsApp-Image-2025-07-24-at-11.48.41-2-1170x878.jpeg\" alt=\"\" class=\"wp-image-15911\" srcset=\"https:\/\/www.lafresca.fm\/f-solosog\/2025\/07\/WhatsApp-Image-2025-07-24-at-11.48.41-2-1170x878.jpeg 1170w, https:\/\/www.lafresca.fm\/f-solosog\/2025\/07\/WhatsApp-Image-2025-07-24-at-11.48.41-2-770x578.jpeg 770w, https:\/\/www.lafresca.fm\/f-solosog\/2025\/07\/WhatsApp-Image-2025-07-24-at-11.48.41-2-768x576.jpeg 768w, https:\/\/www.lafresca.fm\/f-solosog\/2025\/07\/WhatsApp-Image-2025-07-24-at-11.48.41-2-1536x1152.jpeg 1536w, https:\/\/www.lafresca.fm\/f-solosog\/2025\/07\/WhatsApp-Image-2025-07-24-at-11.48.41-2.jpeg 1600w\" sizes=\"(max-width: 1170px) 100vw, 1170px\" \/><\/figure>\n\n\n\n<figure class=\"wp-block-image size-large\"><img decoding=\"async\" width=\"1170\" height=\"878\" data-id=\"15912\" src=\"https:\/\/www.lafresca.fm\/f-solosog\/2025\/07\/WhatsApp-Image-2025-07-24-at-11.48.41-1170x878.jpeg\" alt=\"\" class=\"wp-image-15912\" srcset=\"https:\/\/www.lafresca.fm\/f-solosog\/2025\/07\/WhatsApp-Image-2025-07-24-at-11.48.41-1170x878.jpeg 1170w, https:\/\/www.lafresca.fm\/f-solosog\/2025\/07\/WhatsApp-Image-2025-07-24-at-11.48.41-770x578.jpeg 770w, https:\/\/www.lafresca.fm\/f-solosog\/2025\/07\/WhatsApp-Image-2025-07-24-at-11.48.41-768x576.jpeg 768w, https:\/\/www.lafresca.fm\/f-solosog\/2025\/07\/WhatsApp-Image-2025-07-24-at-11.48.41-1536x1152.jpeg 1536w, https:\/\/www.lafresca.fm\/f-solosog\/2025\/07\/WhatsApp-Image-2025-07-24-at-11.48.41.jpeg 1600w\" sizes=\"(max-width: 1170px) 100vw, 1170px\" \/><\/figure>\n\n\n\n<figure class=\"wp-block-image size-large\"><img loading=\"lazy\" decoding=\"async\" width=\"1170\" height=\"878\" data-id=\"15909\" src=\"https:\/\/www.lafresca.fm\/f-solosog\/2025\/07\/WhatsApp-Image-2025-07-24-at-11.48.41-3-1170x878.jpeg\" alt=\"\" class=\"wp-image-15909\" srcset=\"https:\/\/www.lafresca.fm\/f-solosog\/2025\/07\/WhatsApp-Image-2025-07-24-at-11.48.41-3-1170x878.jpeg 1170w, https:\/\/www.lafresca.fm\/f-solosog\/2025\/07\/WhatsApp-Image-2025-07-24-at-11.48.41-3-770x578.jpeg 770w, https:\/\/www.lafresca.fm\/f-solosog\/2025\/07\/WhatsApp-Image-2025-07-24-at-11.48.41-3-768x576.jpeg 768w, https:\/\/www.lafresca.fm\/f-solosog\/2025\/07\/WhatsApp-Image-2025-07-24-at-11.48.41-3-1536x1152.jpeg 1536w, https:\/\/www.lafresca.fm\/f-solosog\/2025\/07\/WhatsApp-Image-2025-07-24-at-11.48.41-3.jpeg 1600w\" sizes=\"(max-width: 1170px) 100vw, 1170px\" \/><\/figure>\n\n\n\n<figure class=\"wp-block-image size-large\"><img loading=\"lazy\" decoding=\"async\" width=\"878\" height=\"1170\" data-id=\"15913\" src=\"https:\/\/www.lafresca.fm\/f-solosog\/2025\/07\/WhatsApp-Image-2025-07-24-at-11.48.41-4-878x1170.jpeg\" alt=\"\" class=\"wp-image-15913\" srcset=\"https:\/\/www.lafresca.fm\/f-solosog\/2025\/07\/WhatsApp-Image-2025-07-24-at-11.48.41-4-878x1170.jpeg 878w, https:\/\/www.lafresca.fm\/f-solosog\/2025\/07\/WhatsApp-Image-2025-07-24-at-11.48.41-4-578x770.jpeg 578w, https:\/\/www.lafresca.fm\/f-solosog\/2025\/07\/WhatsApp-Image-2025-07-24-at-11.48.41-4-768x1024.jpeg 768w, https:\/\/www.lafresca.fm\/f-solosog\/2025\/07\/WhatsApp-Image-2025-07-24-at-11.48.41-4-1152x1536.jpeg 1152w, https:\/\/www.lafresca.fm\/f-solosog\/2025\/07\/WhatsApp-Image-2025-07-24-at-11.48.41-4.jpeg 1200w\" sizes=\"(max-width: 878px) 100vw, 878px\" \/><\/figure>\n<\/figure>\n<script>function PlayerjsAsync(){} if(window[\"Playerjs\"]){PlayerjsAsync();}<\/script>","protected":false},"excerpt":{"rendered":"<p>El Ayuntamiento de Onil ha puesto en funcionamiento un nuevo parque canino en la Avenida V Centenario de Am\u00e9rica, dando respuesta a una necesidad muy demandada por la poblaci\u00f3n y reafirmando su compromiso con el bienestar animal y la mejora de los espacios p\u00fablicos. El nuevo parque, situado en una ...<\/p>\n","protected":false},"author":2,"featured_media":15913,"comment_status":"closed","ping_status":"closed","sticky":false,"template":"","format":"standard","meta":{"_monsterinsights_skip_tracking":false,"_monsterinsights_sitenote_active":false,"_monsterinsights_sitenote_note":"","_monsterinsights_sitenote_category":0,"footnotes":""},"categories":[4],"tags":[133],"class_list":["post-15908","post","type-post","status-publish","format-standard","has-post-thumbnail","hentry","category-alicante","tag-onil"],"aioseo_notices":[],"_links":{"self":[{"href":"https:\/\/www.lafresca.fm\/fresca-api-json\/wp\/v2\/posts\/15908","targetHints":{"allow":["GET"]}}],"collection":[{"href":"https:\/\/www.lafresca.fm\/fresca-api-json\/wp\/v2\/posts"}],"about":[{"href":"https:\/\/www.lafresca.fm\/fresca-api-json\/wp\/v2\/types\/post"}],"author":[{"embeddable":true,"href":"https:\/\/www.lafresca.fm\/fresca-api-json\/wp\/v2\/users\/2"}],"replies":[{"embeddable":true,"href":"https:\/\/www.lafresca.fm\/fresca-api-json\/wp\/v2\/comments?post=15908"}],"version-history":[{"count":1,"href":"https:\/\/www.lafresca.fm\/fresca-api-json\/wp\/v2\/posts\/15908\/revisions"}],"predecessor-version":[{"id":15914,"href":"https:\/\/www.lafresca.fm\/fresca-api-json\/wp\/v2\/posts\/15908\/revisions\/15914"}],"wp:featuredmedia":[{"embeddable":true,"href":"https:\/\/www.lafresca.fm\/fresca-api-json\/wp\/v2\/media\/15913"}],"wp:attachment":[{"href":"https:\/\/www.lafresca.fm\/fresca-api-json\/wp\/v2\/media?parent=15908"}],"wp:term":[{"taxonomy":"category","embeddable":true,"href":"https:\/\/www.lafresca.fm\/fresca-api-json\/wp\/v2\/categories?post=15908"},{"taxonomy":"post_tag","embeddable":true,"href":"https:\/\/www.lafresca.fm\/fresca-api-json\/wp\/v2\/tags?post=15908"}],"curies":[{"name":"wp","href":"https:\/\/api.w.org\/{rel}","templated":true}]}}