{"id":15916,"date":"2025-07-24T15:24:48","date_gmt":"2025-07-24T13:24:48","guid":{"rendered":"https:\/\/www.lafresca.fm\/?p=15916"},"modified":"2025-07-24T15:24:52","modified_gmt":"2025-07-24T13:24:52","slug":"onil-inicia-en-agosto-nuevos-horarios-de-recogida-de-residuos-a-partir-de-las-500-h-en-el-ecoparque-y-630-h-en-el-casco-antiguo","status":"publish","type":"post","link":"https:\/\/www.lafresca.fm\/onil-inicia-en-agosto-nuevos-horarios-de-recogida-de-residuos-a-partir-de-las-500-h-en-el-ecoparque-y-630-h-en-el-casco-antiguo\/","title":{"rendered":"Onil inicia en agosto nuevos horarios de recogida de residuos: a partir de las 5:00 h en el ecoparque y 6:30 h en el casco antiguo"},"content":{"rendered":"\n<p>El Ayuntamiento de Onil ha anunciado que, durante el mes de agosto, se llevar\u00e1 a cabo una prueba piloto con un nuevo horario de recogida de residuos. Esta iniciativa responde a las previsiones contempladas en los futuros pliegos del servicio y tiene como objetivo principal mejorar la convivencia vecinal y la eficiencia del sistema.<\/p>\n\n\n\n<p>Con este cambio, el consistorio busca evitar los ruidos generados por los camiones de recogida en horario nocturno, as\u00ed como reducir el tiempo que las bolsas de basura permanecen en los contenedores durante el d\u00eda, especialmente aquellas depositadas por la ma\u00f1ana.<\/p>\n\n\n\n<p>Los nuevos horarios de recogida ser\u00e1n los siguientes:<\/p>\n\n\n\n<ul class=\"wp-block-list\">\n<li><strong>5:00 h<\/strong> \u00b7 Recogida de residuos en el ecoparque<\/li>\n\n\n\n<li><strong>6:30 h<\/strong> \u00b7 Recogida en el casco antiguo<\/li>\n\n\n\n<li><strong>A continuaci\u00f3n<\/strong> \u00b7 Recogida en el resto del municipio<\/li>\n<\/ul>\n\n\n\n<p>Desde el Ayuntamiento se ha hecho un llamamiento a la ciudadan\u00eda para que colabore con este cambio temporal, y se anima a los vecinos a comunicar cualquier aspecto que pueda mejorarse. \u201cVamos a ver si el cambio funciona mejor para todos\u201d, han se\u00f1alado fuentes municipales.<\/p>\n\n\n\n<p>La experiencia servir\u00e1 para evaluar la viabilidad del nuevo horario y su posible implantaci\u00f3n definitiva en el futuro.<\/p>\n\n\n\n<figure class=\"wp-block-image size-large\"><img fetchpriority=\"high\" decoding=\"async\" width=\"1170\" height=\"568\" src=\"https:\/\/www.lafresca.fm\/f-solosog\/2025\/07\/96387274_2797217717068439_7885306530910699520_n-1170x568.jpg\" alt=\"\" class=\"wp-image-15917\" srcset=\"https:\/\/www.lafresca.fm\/f-solosog\/2025\/07\/96387274_2797217717068439_7885306530910699520_n-1170x568.jpg 1170w, https:\/\/www.lafresca.fm\/f-solosog\/2025\/07\/96387274_2797217717068439_7885306530910699520_n-770x374.jpg 770w, https:\/\/www.lafresca.fm\/f-solosog\/2025\/07\/96387274_2797217717068439_7885306530910699520_n-768x373.jpg 768w, https:\/\/www.lafresca.fm\/f-solosog\/2025\/07\/96387274_2797217717068439_7885306530910699520_n-1536x746.jpg 1536w, https:\/\/www.lafresca.fm\/f-solosog\/2025\/07\/96387274_2797217717068439_7885306530910699520_n.jpg 2048w\" sizes=\"(max-width: 1170px) 100vw, 1170px\" \/><\/figure>\n<script>function PlayerjsAsync(){} if(window[\"Playerjs\"]){PlayerjsAsync();}<\/script>","protected":false},"excerpt":{"rendered":"<p>El Ayuntamiento de Onil ha anunciado que, durante el mes de agosto, se llevar\u00e1 a cabo una prueba piloto con un nuevo horario de recogida de residuos. Esta iniciativa responde a las previsiones contempladas en los futuros pliegos del servicio y tiene como objetivo principal mejorar la convivencia vecinal y ...<\/p>\n","protected":false},"author":2,"featured_media":15917,"comment_status":"closed","ping_status":"closed","sticky":false,"template":"","format":"standard","meta":{"_monsterinsights_skip_tracking":false,"_monsterinsights_sitenote_active":false,"_monsterinsights_sitenote_note":"","_monsterinsights_sitenote_category":0,"footnotes":""},"categories":[4],"tags":[133],"class_list":["post-15916","post","type-post","status-publish","format-standard","has-post-thumbnail","hentry","category-alicante","tag-onil"],"aioseo_notices":[],"_links":{"self":[{"href":"https:\/\/www.lafresca.fm\/fresca-api-json\/wp\/v2\/posts\/15916","targetHints":{"allow":["GET"]}}],"collection":[{"href":"https:\/\/www.lafresca.fm\/fresca-api-json\/wp\/v2\/posts"}],"about":[{"href":"https:\/\/www.lafresca.fm\/fresca-api-json\/wp\/v2\/types\/post"}],"author":[{"embeddable":true,"href":"https:\/\/www.lafresca.fm\/fresca-api-json\/wp\/v2\/users\/2"}],"replies":[{"embeddable":true,"href":"https:\/\/www.lafresca.fm\/fresca-api-json\/wp\/v2\/comments?post=15916"}],"version-history":[{"count":1,"href":"https:\/\/www.lafresca.fm\/fresca-api-json\/wp\/v2\/posts\/15916\/revisions"}],"predecessor-version":[{"id":15918,"href":"https:\/\/www.lafresca.fm\/fresca-api-json\/wp\/v2\/posts\/15916\/revisions\/15918"}],"wp:featuredmedia":[{"embeddable":true,"href":"https:\/\/www.lafresca.fm\/fresca-api-json\/wp\/v2\/media\/15917"}],"wp:attachment":[{"href":"https:\/\/www.lafresca.fm\/fresca-api-json\/wp\/v2\/media?parent=15916"}],"wp:term":[{"taxonomy":"category","embeddable":true,"href":"https:\/\/www.lafresca.fm\/fresca-api-json\/wp\/v2\/categories?post=15916"},{"taxonomy":"post_tag","embeddable":true,"href":"https:\/\/www.lafresca.fm\/fresca-api-json\/wp\/v2\/tags?post=15916"}],"curies":[{"name":"wp","href":"https:\/\/api.w.org\/{rel}","templated":true}]}}