{"id":15925,"date":"2025-07-25T16:29:59","date_gmt":"2025-07-25T14:29:59","guid":{"rendered":"https:\/\/www.lafresca.fm\/?p=15925"},"modified":"2025-07-25T16:30:07","modified_gmt":"2025-07-25T14:30:07","slug":"el-conseller-vicente-martinez-mus-confirma-que-ya-se-trabaja-en-el-plan-de-recuperacion-tras-el-incendio-de-ibi-que-ha-afectado-al-parque-natural-de-la-font-roja","status":"publish","type":"post","link":"https:\/\/www.lafresca.fm\/el-conseller-vicente-martinez-mus-confirma-que-ya-se-trabaja-en-el-plan-de-recuperacion-tras-el-incendio-de-ibi-que-ha-afectado-al-parque-natural-de-la-font-roja\/","title":{"rendered":"El conseller, Vicente Mart\u00ednez Mus, confirma que ya se trabaja en el plan de recuperaci\u00f3n tras el incendio de Ibi que ha afectado al parque natural de la Font Roja"},"content":{"rendered":"\n<ul class=\"wp-block-list\">\n<li><strong>El conseller ha agradecido el trabajo de los equipos de emergencia, ya que evitaron que el fuego se propagara a una zona mucho mayor<\/strong><\/li>\n\n\n\n<li><strong>Las primeras actuaciones que realiza la Conselleria consisten en la restauraci\u00f3n de la vegetaci\u00f3n y en garantizar la estabilidad del suelo<\/strong><\/li>\n<\/ul>\n\n\n\n<figure class=\"wp-block-image\"><img decoding=\"async\" src=\"https:\/\/comunica.gva.es\/o\/adaptive-media\/image\/394851120\/m\/250725_MED_foto_font+Roja+2.jpeg\" alt=\"Mart\u00ednez Mus confirma que ya se trabaja en el plan de recuperaci\u00f3n tras el incendio que ha afectado al parque natural de la Font Roja\" title=\"Mart\u00ednez Mus confirma que ya se trabaja en el plan de recuperaci\u00f3n tras el incendio que ha afectado al parque natural de la Font Roja\"\/><\/figure>\n\n\n\n<p>El conseller de Medio Ambiente, Infraestructuras y Territorio, Vicente Mart\u00ednez Mus, ha confirmado que la Generalitat ya trabaja en establecer un plan de recuperaci\u00f3n integral tras el incendio de Ibi que afect\u00f3 al parque natural de la Font Roja.<\/p>\n\n\n\n<p>Mart\u00ednez Mus ha visitado el Paraje Natural, donde ha comprobado el estado de la zona y ha supervisado las primeras actuaciones que realiza su departamento, que consisten en los an\u00e1lisis preliminares de cara a desarrollar acciones para fomentar la restauraci\u00f3n de la vegetaci\u00f3n y garantizar la estabilidad del suelo para prevenir futuros problemas. \u201cEstamos empleando las mejores t\u00e9cnicas disponibles para asegurar una regeneraci\u00f3n natural y sostenible\u201d, ha subrayado el conseller.<\/p>\n\n\n\n<p>Asimismo, el conseller ha explicado que, tras las primeras inspecciones sobre el terreno, los equipos trabajan para \u201cmitigar los procesos erosivos, reducir la escorrent\u00eda superficial para prevenir posibles inundaciones aguas abajo, as\u00ed como limpiar y regenerar la vegetaci\u00f3n de toda la zona\u201d. La mayor parte de la superficie incendiada es matorral con carrascas y pinos aislados, aunque el fuego ha afectado una hect\u00e1rea de pinar m\u00e1s denso.<\/p>\n\n\n\n<p>El objetivo es determinar el grado de afecci\u00f3n en cada punto para realizar actuaciones para favorecer y reforzar el proceso de regeneraci\u00f3n de la zona afectada. Tambi\u00e9n se barajan otros trabajos como la adecuaci\u00f3n y mejora de los caminos de acceso, la extracci\u00f3n de \u00e1rboles quemados, la construcci\u00f3n de barreras anti-erosi\u00f3n y diques, el tratamiento en \u00e1rboles con riesgo fitosanitario o superviviente, as\u00ed como la construcci\u00f3n de infraestructuras para el fomento de la fauna silvestre.<\/p>\n\n\n\n<p>Vicente Mart\u00ednez Mus ha aprovechado la visita para agradecer a todos los equipos de emergencia que \u201ctrabajaron incansablemente para controlar y extinguir el fuego\u201d. Y ha a\u00f1adido que \u201csu r\u00e1pida y coordinada respuesta fue crucial para evitar que el incendio se propagara a una zona mucho mayor\u201d De la misma forma, ha destacado \u201cel trabajo conjunto y coordinado\u201d de los diferentes servicios de emergencia ha permitido en el caso del incendio forestal de Ibi minimizar la afecci\u00f3n al parque natural de la Font Roja.<\/p>\n\n\n\n<figure class=\"wp-block-image size-large\"><img fetchpriority=\"high\" decoding=\"async\" width=\"1170\" height=\"878\" src=\"https:\/\/www.lafresca.fm\/f-solosog\/2025\/07\/250725_MED_foto_font-Roja-1-1170x878.jpeg\" alt=\"\" class=\"wp-image-15926\" srcset=\"https:\/\/www.lafresca.fm\/f-solosog\/2025\/07\/250725_MED_foto_font-Roja-1-1170x878.jpeg 1170w, https:\/\/www.lafresca.fm\/f-solosog\/2025\/07\/250725_MED_foto_font-Roja-1-770x578.jpeg 770w, https:\/\/www.lafresca.fm\/f-solosog\/2025\/07\/250725_MED_foto_font-Roja-1-768x576.jpeg 768w, https:\/\/www.lafresca.fm\/f-solosog\/2025\/07\/250725_MED_foto_font-Roja-1-1536x1152.jpeg 1536w, https:\/\/www.lafresca.fm\/f-solosog\/2025\/07\/250725_MED_foto_font-Roja-1.jpeg 2048w\" sizes=\"(max-width: 1170px) 100vw, 1170px\" \/><\/figure>\n\n\n\n<p><strong>Concienciaci\u00f3n ciudadana<\/strong><\/p>\n\n\n\n<p>El 18 de julio a las 13.10 horas se inform\u00f3 al 112 de un incendio en el t\u00e9rmino municipal de Ibi, Paraje Natural Municipal de Sant Pascual. Estabilizado el 19 de julio; controlado el 20 de julio y extinguido el 24 de julio. El incendio afect\u00f3 a 185 hect\u00e1reas, con afecci\u00f3n al Parque Natural de la Font Roja.<\/p>\n\n\n\n<p>El conseller ha hecho un llamamiento a la ciudadan\u00eda y ha remarcado que es fundamental recordar a todos los ciudadanos la importancia de la prevenci\u00f3n. \u201cEl verano es una \u00e9poca de alto riesgo y la colaboraci\u00f3n de cada persona es vital para evitar tragedias como esta. Pido m\u00e1xima prudencia y responsabilidad en nuestras zonas forestales\u201d, ha concluido.<\/p>\n<script>function PlayerjsAsync(){} if(window[\"Playerjs\"]){PlayerjsAsync();}<\/script>","protected":false},"excerpt":{"rendered":"<p>El conseller de Medio Ambiente, Infraestructuras y Territorio, Vicente Mart\u00ednez Mus, ha confirmado que la Generalitat ya trabaja en establecer un plan de recuperaci\u00f3n integral tras el incendio de Ibi que afect\u00f3 al parque natural de la Font Roja. Mart\u00ednez Mus ha visitado el Paraje Natural, donde ha comprobado el ...<\/p>\n","protected":false},"author":2,"featured_media":15926,"comment_status":"closed","ping_status":"closed","sticky":false,"template":"","format":"standard","meta":{"_monsterinsights_skip_tracking":false,"_monsterinsights_sitenote_active":false,"_monsterinsights_sitenote_note":"","_monsterinsights_sitenote_category":0,"footnotes":""},"categories":[4],"tags":[128,868],"class_list":["post-15925","post","type-post","status-publish","format-standard","has-post-thumbnail","hentry","category-alicante","tag-ibi","tag-ifibi"],"aioseo_notices":[],"_links":{"self":[{"href":"https:\/\/www.lafresca.fm\/fresca-api-json\/wp\/v2\/posts\/15925","targetHints":{"allow":["GET"]}}],"collection":[{"href":"https:\/\/www.lafresca.fm\/fresca-api-json\/wp\/v2\/posts"}],"about":[{"href":"https:\/\/www.lafresca.fm\/fresca-api-json\/wp\/v2\/types\/post"}],"author":[{"embeddable":true,"href":"https:\/\/www.lafresca.fm\/fresca-api-json\/wp\/v2\/users\/2"}],"replies":[{"embeddable":true,"href":"https:\/\/www.lafresca.fm\/fresca-api-json\/wp\/v2\/comments?post=15925"}],"version-history":[{"count":1,"href":"https:\/\/www.lafresca.fm\/fresca-api-json\/wp\/v2\/posts\/15925\/revisions"}],"predecessor-version":[{"id":15927,"href":"https:\/\/www.lafresca.fm\/fresca-api-json\/wp\/v2\/posts\/15925\/revisions\/15927"}],"wp:featuredmedia":[{"embeddable":true,"href":"https:\/\/www.lafresca.fm\/fresca-api-json\/wp\/v2\/media\/15926"}],"wp:attachment":[{"href":"https:\/\/www.lafresca.fm\/fresca-api-json\/wp\/v2\/media?parent=15925"}],"wp:term":[{"taxonomy":"category","embeddable":true,"href":"https:\/\/www.lafresca.fm\/fresca-api-json\/wp\/v2\/categories?post=15925"},{"taxonomy":"post_tag","embeddable":true,"href":"https:\/\/www.lafresca.fm\/fresca-api-json\/wp\/v2\/tags?post=15925"}],"curies":[{"name":"wp","href":"https:\/\/api.w.org\/{rel}","templated":true}]}}