{"id":15933,"date":"2025-07-28T10:42:10","date_gmt":"2025-07-28T08:42:10","guid":{"rendered":"https:\/\/www.lafresca.fm\/?p=15933"},"modified":"2025-07-28T10:42:13","modified_gmt":"2025-07-28T08:42:13","slug":"el-colivenc-helio-marco-esteve-campeon-de-espana-sub20-en-400-metros","status":"publish","type":"post","link":"https:\/\/www.lafresca.fm\/el-colivenc-helio-marco-esteve-campeon-de-espana-sub20-en-400-metros\/","title":{"rendered":"El colivenc, Helio Marco Esteve, campe\u00f3n de Espa\u00f1a Sub20 en 400 metros"},"content":{"rendered":"\n<p>Villafranca de los Barros (Badajoz) se convirti\u00f3 este fin de semana en el escenario donde las j\u00f3venes promesas del atletismo nacional lucharon por el trono Sub20. Bajo un intenso calor extreme\u00f1o, el <strong>Campeonato de Espa\u00f1a Sub20<\/strong> no solo coron\u00f3 a los nuevos campeones, sino que sirvi\u00f3 como antesala de lo que nos espera en el pr\u00f3ximo <strong>Campeonato de Europa Sub20<\/strong>, que se celebrar\u00e1 en <strong>Tampere (Finlandia)<\/strong> del <strong>7 al 10 de agosto<\/strong>.<\/p>\n\n\n\n<p>En este contexto, el atleta del <em>Centre Esportiu Colivenc<\/em> de Onil, <strong>Helio Marco Esteve<\/strong>, brill\u00f3 con luz propia al proclamarse <strong>Campe\u00f3n de Espa\u00f1a Sub20<\/strong> en la prueba de <strong>400 metros lisos<\/strong>, firmando una marca espectacular de <strong>46.95 segundos<\/strong>, su <strong>mejor marca personal (MMP)<\/strong> hasta la fecha.<\/p>\n\n\n\n<p>Con este resultado, Helio no solo se cuelga el oro nacional, sino que adem\u00e1s logra la <strong>m\u00ednima exigida para representar a Espa\u00f1a en el Campeonato de Europa<\/strong>, consolid\u00e1ndose como una de las grandes promesas del atletismo espa\u00f1ol en velocidad.<\/p>\n\n\n\n<p>El campeonato dej\u00f3 actuaciones memorables: <strong>ocho mejores marcas del campeonato<\/strong>, varios registros hist\u00f3ricos e incluso <strong>dos r\u00e9cords nacionales<\/strong>, evidenciando el alto nivel y la proyecci\u00f3n del atletismo juvenil en nuestro pa\u00eds.<\/p>\n\n\n\n<figure class=\"wp-block-image size-full\"><img fetchpriority=\"high\" decoding=\"async\" width=\"1080\" height=\"1171\" src=\"https:\/\/www.lafresca.fm\/f-solosog\/2025\/07\/3c95d44e-cef9-420b-bf5b-69094dcf2e75.jpeg\" alt=\"\" class=\"wp-image-15934\" srcset=\"https:\/\/www.lafresca.fm\/f-solosog\/2025\/07\/3c95d44e-cef9-420b-bf5b-69094dcf2e75.jpeg 1080w, https:\/\/www.lafresca.fm\/f-solosog\/2025\/07\/3c95d44e-cef9-420b-bf5b-69094dcf2e75-710x770.jpeg 710w, https:\/\/www.lafresca.fm\/f-solosog\/2025\/07\/3c95d44e-cef9-420b-bf5b-69094dcf2e75-768x833.jpeg 768w\" sizes=\"(max-width: 1080px) 100vw, 1080px\" \/><\/figure>\n<script>function PlayerjsAsync(){} if(window[\"Playerjs\"]){PlayerjsAsync();}<\/script>","protected":false},"excerpt":{"rendered":"<p>Villafranca de los Barros (Badajoz) se convirti\u00f3 este fin de semana en el escenario donde las j\u00f3venes promesas del atletismo nacional lucharon por el trono Sub20. Bajo un intenso calor extreme\u00f1o, el Campeonato de Espa\u00f1a Sub20 no solo coron\u00f3 a los nuevos campeones, sino que sirvi\u00f3 como antesala de lo ...<\/p>\n","protected":false},"author":2,"featured_media":15934,"comment_status":"closed","ping_status":"closed","sticky":false,"template":"","format":"standard","meta":{"_monsterinsights_skip_tracking":false,"_monsterinsights_sitenote_active":false,"_monsterinsights_sitenote_note":"","_monsterinsights_sitenote_category":0,"footnotes":""},"categories":[4],"tags":[877],"class_list":["post-15933","post","type-post","status-publish","format-standard","has-post-thumbnail","hentry","category-alicante","tag-helio-marco"],"aioseo_notices":[],"_links":{"self":[{"href":"https:\/\/www.lafresca.fm\/fresca-api-json\/wp\/v2\/posts\/15933","targetHints":{"allow":["GET"]}}],"collection":[{"href":"https:\/\/www.lafresca.fm\/fresca-api-json\/wp\/v2\/posts"}],"about":[{"href":"https:\/\/www.lafresca.fm\/fresca-api-json\/wp\/v2\/types\/post"}],"author":[{"embeddable":true,"href":"https:\/\/www.lafresca.fm\/fresca-api-json\/wp\/v2\/users\/2"}],"replies":[{"embeddable":true,"href":"https:\/\/www.lafresca.fm\/fresca-api-json\/wp\/v2\/comments?post=15933"}],"version-history":[{"count":1,"href":"https:\/\/www.lafresca.fm\/fresca-api-json\/wp\/v2\/posts\/15933\/revisions"}],"predecessor-version":[{"id":15935,"href":"https:\/\/www.lafresca.fm\/fresca-api-json\/wp\/v2\/posts\/15933\/revisions\/15935"}],"wp:featuredmedia":[{"embeddable":true,"href":"https:\/\/www.lafresca.fm\/fresca-api-json\/wp\/v2\/media\/15934"}],"wp:attachment":[{"href":"https:\/\/www.lafresca.fm\/fresca-api-json\/wp\/v2\/media?parent=15933"}],"wp:term":[{"taxonomy":"category","embeddable":true,"href":"https:\/\/www.lafresca.fm\/fresca-api-json\/wp\/v2\/categories?post=15933"},{"taxonomy":"post_tag","embeddable":true,"href":"https:\/\/www.lafresca.fm\/fresca-api-json\/wp\/v2\/tags?post=15933"}],"curies":[{"name":"wp","href":"https:\/\/api.w.org\/{rel}","templated":true}]}}