{"id":15940,"date":"2025-07-28T12:26:41","date_gmt":"2025-07-28T10:26:41","guid":{"rendered":"https:\/\/www.lafresca.fm\/?p=15940"},"modified":"2025-07-28T12:26:44","modified_gmt":"2025-07-28T10:26:44","slug":"onil-se-prepara-para-vivir-la-tradicional-fiesta-mon-anem-a-agost","status":"publish","type":"post","link":"https:\/\/www.lafresca.fm\/onil-se-prepara-para-vivir-la-tradicional-fiesta-mon-anem-a-agost\/","title":{"rendered":"Onil se prepara para vivir la tradicional fiesta \u201cMon anem a Agost\u201d"},"content":{"rendered":"\n<p>El pr\u00f3ximo&nbsp;<strong>jueves 31 de julio<\/strong>, el municipio de&nbsp;<strong>Onil<\/strong>&nbsp;celebrar\u00e1 una de sus fiestas m\u00e1s entra\u00f1ables y esperadas:&nbsp;<strong>\u201cMon anem a Agost\u201d.<\/strong><\/p>\n\n\n\n<p>El evento dar\u00e1 comienzo a las&nbsp;<strong>19:30 horas<\/strong>&nbsp;en la&nbsp;<strong>Plaza de la Malva<\/strong>, desde donde se iniciar\u00e1 un recorrido festivo que atravesar\u00e1 varias calles del municipio. Durante el trayecto, los participantes estar\u00e1n acompa\u00f1ados por la m\u00fasica y el ambiente festivo de&nbsp;<strong>la Colla Rudiment\u00e0ria i la Pandorga de Onil<\/strong>, que animar\u00e1n con sus ritmos caracter\u00edsticos esta singular despedida del mes de julio.<\/p>\n\n\n\n<p>En el marco de esta celebraci\u00f3n se rendir\u00e1 tambi\u00e9n un&nbsp;<strong>homenaje a Maruja \u201cLa Barsa\u201d<\/strong>, en reconocimiento a su implicaci\u00f3n en la vida cultural y social del pueblo.<\/p>\n\n\n\n<p>Como ya es tradici\u00f3n, se invita a los asistentes a participar&nbsp;<strong>con su maleta preparada.<\/strong><\/p>\n\n\n\n<p>Una fiesta cargada de emoci\u00f3n, m\u00fasica y tradici\u00f3n, que promete llenar de alegr\u00eda las calles de Onil.<\/p>\n\n\n\n<figure class=\"wp-block-image size-large\"><img fetchpriority=\"high\" decoding=\"async\" width=\"827\" height=\"1170\" src=\"https:\/\/www.lafresca.fm\/f-solosog\/2025\/07\/MON-ANEM-A-AGOST-827x1170.png\" alt=\"\" class=\"wp-image-15941\" srcset=\"https:\/\/www.lafresca.fm\/f-solosog\/2025\/07\/MON-ANEM-A-AGOST-827x1170.png 827w, https:\/\/www.lafresca.fm\/f-solosog\/2025\/07\/MON-ANEM-A-AGOST-544x770.png 544w, https:\/\/www.lafresca.fm\/f-solosog\/2025\/07\/MON-ANEM-A-AGOST-768x1086.png 768w, https:\/\/www.lafresca.fm\/f-solosog\/2025\/07\/MON-ANEM-A-AGOST-1086x1536.png 1086w, https:\/\/www.lafresca.fm\/f-solosog\/2025\/07\/MON-ANEM-A-AGOST.png 1414w\" sizes=\"(max-width: 827px) 100vw, 827px\" \/><\/figure>\n<script>function PlayerjsAsync(){} if(window[\"Playerjs\"]){PlayerjsAsync();}<\/script>","protected":false},"excerpt":{"rendered":"<p>El pr\u00f3ximo&nbsp;jueves 31 de julio, el municipio de&nbsp;Onil&nbsp;celebrar\u00e1 una de sus fiestas m\u00e1s entra\u00f1ables y esperadas:&nbsp;\u201cMon anem a Agost\u201d. El evento dar\u00e1 comienzo a las&nbsp;19:30 horas&nbsp;en la&nbsp;Plaza de la Malva, desde donde se iniciar\u00e1 un recorrido festivo que atravesar\u00e1 varias calles del municipio. Durante el trayecto, los participantes estar\u00e1n acompa\u00f1ados ...<\/p>\n","protected":false},"author":2,"featured_media":15941,"comment_status":"closed","ping_status":"closed","sticky":false,"template":"","format":"standard","meta":{"_monsterinsights_skip_tracking":false,"_monsterinsights_sitenote_active":false,"_monsterinsights_sitenote_note":"","_monsterinsights_sitenote_category":0,"footnotes":""},"categories":[4],"tags":[133],"class_list":["post-15940","post","type-post","status-publish","format-standard","has-post-thumbnail","hentry","category-alicante","tag-onil"],"aioseo_notices":[],"_links":{"self":[{"href":"https:\/\/www.lafresca.fm\/fresca-api-json\/wp\/v2\/posts\/15940","targetHints":{"allow":["GET"]}}],"collection":[{"href":"https:\/\/www.lafresca.fm\/fresca-api-json\/wp\/v2\/posts"}],"about":[{"href":"https:\/\/www.lafresca.fm\/fresca-api-json\/wp\/v2\/types\/post"}],"author":[{"embeddable":true,"href":"https:\/\/www.lafresca.fm\/fresca-api-json\/wp\/v2\/users\/2"}],"replies":[{"embeddable":true,"href":"https:\/\/www.lafresca.fm\/fresca-api-json\/wp\/v2\/comments?post=15940"}],"version-history":[{"count":1,"href":"https:\/\/www.lafresca.fm\/fresca-api-json\/wp\/v2\/posts\/15940\/revisions"}],"predecessor-version":[{"id":15942,"href":"https:\/\/www.lafresca.fm\/fresca-api-json\/wp\/v2\/posts\/15940\/revisions\/15942"}],"wp:featuredmedia":[{"embeddable":true,"href":"https:\/\/www.lafresca.fm\/fresca-api-json\/wp\/v2\/media\/15941"}],"wp:attachment":[{"href":"https:\/\/www.lafresca.fm\/fresca-api-json\/wp\/v2\/media?parent=15940"}],"wp:term":[{"taxonomy":"category","embeddable":true,"href":"https:\/\/www.lafresca.fm\/fresca-api-json\/wp\/v2\/categories?post=15940"},{"taxonomy":"post_tag","embeddable":true,"href":"https:\/\/www.lafresca.fm\/fresca-api-json\/wp\/v2\/tags?post=15940"}],"curies":[{"name":"wp","href":"https:\/\/api.w.org\/{rel}","templated":true}]}}