{"id":15943,"date":"2025-07-29T13:08:01","date_gmt":"2025-07-29T11:08:01","guid":{"rendered":"https:\/\/www.lafresca.fm\/?p=15943"},"modified":"2025-07-29T13:08:09","modified_gmt":"2025-07-29T11:08:09","slug":"tibi-hace-balance-de-sus-fiestas-y-presenta-el-i-trail-panta-de-tibi-memorial-abel-perez","status":"publish","type":"post","link":"https:\/\/www.lafresca.fm\/tibi-hace-balance-de-sus-fiestas-y-presenta-el-i-trail-panta-de-tibi-memorial-abel-perez\/","title":{"rendered":"Tibi hace balance de sus fiestas y presenta el \u201cI Trail Pant\u00e0 de Tibi &#8211; Memorial Abel P\u00e9rez\u201d"},"content":{"rendered":"\n<figure class=\"wp-block-audio\"><audio controls src=\"https:\/\/www.lafresca.fm\/f-solosog\/2025\/07\/Enrevista-I-Trail-Panta-de-Tibi-Memorial-Abel-Perez-297-25.mp3\"><\/audio><\/figure>\n\n\n\n<p>Esta ma\u00f1ana, en nuestro programa hemos contado con la presencia del alcalde de Tibi, <strong>Jos\u00e9 Luis Candela Galiano<\/strong>, con quien hemos hecho balance de las <strong>fiestas patronales<\/strong> recientemente celebradas. El alcalde ha destacado el <strong>ambiente festivo, la participaci\u00f3n vecinal y el trabajo de las comisiones y voluntarios<\/strong> que han hecho posible unas fiestas \u201ccon identidad y tradici\u00f3n\u201d.<\/p>\n\n\n\n<p>Adem\u00e1s, el programa ha servido para presentar en primicia el <strong>\u201cI Trail Pant\u00e0 de Tibi \u2013 Memorial Abel P\u00e9rez\u201d<\/strong>, un evento deportivo que se celebrar\u00e1 el pr\u00f3ximo <strong>5 de octubre<\/strong> y que nace con vocaci\u00f3n de continuidad y homenaje. Junto al alcalde, nos ha acompa\u00f1ado <strong>Santi Navarro<\/strong>, director de la prueba, quien ha detallado las <strong>caracter\u00edsticas t\u00e9cnicas<\/strong> del evento.<\/p>\n\n\n\n<figure class=\"wp-block-image size-large\"><img fetchpriority=\"high\" decoding=\"async\" width=\"1170\" height=\"878\" src=\"https:\/\/www.lafresca.fm\/f-solosog\/2025\/07\/trail-panta-de-tibi-1170x878.jpeg\" alt=\"\" class=\"wp-image-15945\" srcset=\"https:\/\/www.lafresca.fm\/f-solosog\/2025\/07\/trail-panta-de-tibi-1170x878.jpeg 1170w, https:\/\/www.lafresca.fm\/f-solosog\/2025\/07\/trail-panta-de-tibi-770x578.jpeg 770w, https:\/\/www.lafresca.fm\/f-solosog\/2025\/07\/trail-panta-de-tibi-768x576.jpeg 768w, https:\/\/www.lafresca.fm\/f-solosog\/2025\/07\/trail-panta-de-tibi-1536x1152.jpeg 1536w, https:\/\/www.lafresca.fm\/f-solosog\/2025\/07\/trail-panta-de-tibi.jpeg 2000w\" sizes=\"(max-width: 1170px) 100vw, 1170px\" \/><\/figure>\n\n\n\n<p>El Trail contar\u00e1 con <strong>tres modalidades<\/strong>:<\/p>\n\n\n\n<ul class=\"wp-block-list\">\n<li><strong>Trail 21\u202fKM<\/strong>, para corredores experimentados y amantes del desnivel,<\/li>\n\n\n\n<li><strong>Sprint Trail 14\u202fKM<\/strong>, de menor exigencia t\u00e9cnica,<\/li>\n\n\n\n<li>y una opci\u00f3n de <strong>senderismo de 14\u202fKM<\/strong>, pensada para quienes desean disfrutar del entorno a ritmo tranquilo.<\/li>\n<\/ul>\n\n\n\n<p>Las inscripciones ya est\u00e1n abiertas a trav\u00e9s de la plataforma <a><strong>Mychip.es<\/strong><\/a>, donde los interesados pueden consultar todos los detalles y asegurarse su dorsal.<\/p>\n\n\n\n<p>Durante la entrevista, tambi\u00e9n se ha resaltado el valor paisaj\u00edstico del entorno del pantano de Tibi, uno de los enclaves naturales m\u00e1s singulares de la provincia, y el car\u00e1cter solidario y emocional de esta primera edici\u00f3n, que rendir\u00e1 homenaje a <strong>Abel P\u00e9rez<\/strong>.<\/p>\n\n\n\n<figure class=\"wp-block-image size-large\"><img decoding=\"async\" width=\"766\" height=\"1170\" src=\"https:\/\/www.lafresca.fm\/f-solosog\/2025\/07\/518632488_1266290601595639_8077602536558036890_n-766x1170.jpg\" alt=\"\" class=\"wp-image-15946\" srcset=\"https:\/\/www.lafresca.fm\/f-solosog\/2025\/07\/518632488_1266290601595639_8077602536558036890_n-766x1170.jpg 766w, https:\/\/www.lafresca.fm\/f-solosog\/2025\/07\/518632488_1266290601595639_8077602536558036890_n-504x770.jpg 504w, https:\/\/www.lafresca.fm\/f-solosog\/2025\/07\/518632488_1266290601595639_8077602536558036890_n-768x1174.jpg 768w, https:\/\/www.lafresca.fm\/f-solosog\/2025\/07\/518632488_1266290601595639_8077602536558036890_n-1005x1536.jpg 1005w, https:\/\/www.lafresca.fm\/f-solosog\/2025\/07\/518632488_1266290601595639_8077602536558036890_n.jpg 1047w\" sizes=\"(max-width: 766px) 100vw, 766px\" \/><\/figure>\n<script>function PlayerjsAsync(){} if(window[\"Playerjs\"]){PlayerjsAsync();}<\/script>","protected":false},"excerpt":{"rendered":"<p>Esta ma\u00f1ana, en nuestro programa hemos contado con la presencia del alcalde de Tibi, Jos\u00e9 Luis Candela Galiano, con quien hemos hecho balance de las fiestas patronales recientemente celebradas. El alcalde ha destacado el ambiente festivo, la participaci\u00f3n vecinal y el trabajo de las comisiones y voluntarios que han hecho ...<\/p>\n","protected":false},"author":2,"featured_media":15945,"comment_status":"closed","ping_status":"closed","sticky":false,"template":"","format":"standard","meta":{"_monsterinsights_skip_tracking":false,"_monsterinsights_sitenote_active":false,"_monsterinsights_sitenote_note":"","_monsterinsights_sitenote_category":0,"footnotes":""},"categories":[4],"tags":[170],"class_list":["post-15943","post","type-post","status-publish","format-standard","has-post-thumbnail","hentry","category-alicante","tag-tibi"],"aioseo_notices":[],"_links":{"self":[{"href":"https:\/\/www.lafresca.fm\/fresca-api-json\/wp\/v2\/posts\/15943","targetHints":{"allow":["GET"]}}],"collection":[{"href":"https:\/\/www.lafresca.fm\/fresca-api-json\/wp\/v2\/posts"}],"about":[{"href":"https:\/\/www.lafresca.fm\/fresca-api-json\/wp\/v2\/types\/post"}],"author":[{"embeddable":true,"href":"https:\/\/www.lafresca.fm\/fresca-api-json\/wp\/v2\/users\/2"}],"replies":[{"embeddable":true,"href":"https:\/\/www.lafresca.fm\/fresca-api-json\/wp\/v2\/comments?post=15943"}],"version-history":[{"count":1,"href":"https:\/\/www.lafresca.fm\/fresca-api-json\/wp\/v2\/posts\/15943\/revisions"}],"predecessor-version":[{"id":15947,"href":"https:\/\/www.lafresca.fm\/fresca-api-json\/wp\/v2\/posts\/15943\/revisions\/15947"}],"wp:featuredmedia":[{"embeddable":true,"href":"https:\/\/www.lafresca.fm\/fresca-api-json\/wp\/v2\/media\/15945"}],"wp:attachment":[{"href":"https:\/\/www.lafresca.fm\/fresca-api-json\/wp\/v2\/media?parent=15943"}],"wp:term":[{"taxonomy":"category","embeddable":true,"href":"https:\/\/www.lafresca.fm\/fresca-api-json\/wp\/v2\/categories?post=15943"},{"taxonomy":"post_tag","embeddable":true,"href":"https:\/\/www.lafresca.fm\/fresca-api-json\/wp\/v2\/tags?post=15943"}],"curies":[{"name":"wp","href":"https:\/\/api.w.org\/{rel}","templated":true}]}}