{"id":15962,"date":"2025-08-01T10:12:36","date_gmt":"2025-08-01T08:12:36","guid":{"rendered":"https:\/\/www.lafresca.fm\/?p=15962"},"modified":"2025-08-01T10:12:39","modified_gmt":"2025-08-01T08:12:39","slug":"inden-inaugura-su-nuevo-centro-logistico-en-castalla","status":"publish","type":"post","link":"https:\/\/www.lafresca.fm\/inden-inaugura-su-nuevo-centro-logistico-en-castalla\/","title":{"rendered":"INDEN inaugura su nuevo centro log\u00edstico en Castalla"},"content":{"rendered":"\n<p><a href=\"https:\/\/www.facebook.com\/sharer\/sharer.php?u=https%3A%2F%2Fwww.ibiae.com%2Fcontent%2Finden-compania-asociada-de-ibiae-inaugura-su-nuevo-centro-logistico-en-castalla%2F\" target=\"_blank\" rel=\"noreferrer noopener\"><\/a><a href=\"https:\/\/twitter.com\/intent\/tweet?text=INDEN%2C%20compa%C3%B1%C3%ADa%20asociada%20de%20IBIAE%2C%20inaugura%20su%20nuevo%20centro%20log%C3%ADstico%20en%20Castalla&amp;url=https%3A%2F%2Fwww.ibiae.com%2Fcontent%2Finden-compania-asociada-de-ibiae-inaugura-su-nuevo-centro-logistico-en-castalla%2F\" target=\"_blank\" rel=\"noreferrer noopener\"><\/a><a href=\"https:\/\/www.linkedin.com\/sharing\/share-offsite\/?url=https%3A%2F%2Fwww.ibiae.com%2Fcontent%2Finden-compania-asociada-de-ibiae-inaugura-su-nuevo-centro-logistico-en-castalla%2F\" target=\"_blank\" rel=\"noreferrer noopener\"><\/a><a href=\"https:\/\/api.whatsapp.com\/send?text=INDEN%2C%20compa%C3%B1%C3%ADa%20asociada%20de%20IBIAE%2C%20inaugura%20su%20nuevo%20centro%20log%C3%ADstico%20en%20Castalla%20https%3A%2F%2Fwww.ibiae.com%2Fcontent%2Finden-compania-asociada-de-ibiae-inaugura-su-nuevo-centro-logistico-en-castalla%2F\" target=\"_blank\" rel=\"noreferrer noopener\"><\/a><strong><a href=\"https:\/\/plasticosinden.com\/\">INDEN<\/a><\/strong>, compa\u00f1\u00eda asociada de IBIAE (Asociaci\u00f3n de Empresarios Foia de Castalla), ha puesto en marcha su nuevo centro log\u00edstico en Castalla, un proyecto iniciado a principios de 2024 y que ya se encuentra plenamente operativo. Esta nueva instalaci\u00f3n supone un hito estrat\u00e9gico para la compa\u00f1\u00eda, orientado a reforzar su capacidad operativa y mejorar la calidad del servicio.<\/p>\n\n\n\n<p>El nuevo centro log\u00edstico cuenta con una superficie de&nbsp;<strong>4.500 metros cuadrados<\/strong>&nbsp;y una capacidad de&nbsp;<strong>almacenamiento superior a los 1.500 palets.<\/strong>&nbsp;Adem\u00e1s, incorpora automatizaci\u00f3n inteligente en sus procesos, lo que permitir\u00e1 optimizar tiempos, reducir errores y aumentar la eficiencia en las operaciones diarias.<\/p>\n\n\n\n<p>Esta infraestructura no solo mejora notablemente la capacidad de gesti\u00f3n log\u00edstica de INDEN, sino que tambi\u00e9n libera espacio en la planta de producci\u00f3n, favoreciendo su crecimiento futuro y el desarrollo de nuevas soluciones industriales.<\/p>\n\n\n\n<p><strong>SOBRE LA COMPA\u00d1\u00cdA<\/strong><br>INDEN es una compa\u00f1\u00eda familiar que comenz\u00f3 su actividad en 1989 con la fabricaci\u00f3n de pl\u00e1sticos. A lo largo de su trayectoria, se ha consolidado como uno de los principales proveedores del mercado de envases pl\u00e1sticos, tanto para velas como para alimentaci\u00f3n, con una producci\u00f3n anual que supera los 100 millones de unidades.<\/p>\n\n\n\n<figure class=\"wp-block-image\"><img decoding=\"async\" src=\"https:\/\/www.ibiae.com\/wp-content\/uploads\/2025\/07\/ASAMBLEA-GENERAL-1-4.png\" alt=\"\" class=\"wp-image-31896\"\/><\/figure>\n\n\n\n<figure class=\"wp-block-image\"><img decoding=\"async\" src=\"https:\/\/www.ibiae.com\/wp-content\/uploads\/2025\/07\/ASAMBLEA-GENERAL-2-2.png\" alt=\"\" class=\"wp-image-31898\"\/><\/figure>\n\n\n\n<figure class=\"wp-block-image\"><img decoding=\"async\" src=\"https:\/\/www.ibiae.com\/wp-content\/uploads\/2025\/07\/ASAMBLEA-GENERAL-3-3.png\" alt=\"\" class=\"wp-image-31899\"\/><\/figure>\n<script>function PlayerjsAsync(){} if(window[\"Playerjs\"]){PlayerjsAsync();}<\/script>","protected":false},"excerpt":{"rendered":"<p>INDEN, compa\u00f1\u00eda asociada de IBIAE (Asociaci\u00f3n de Empresarios Foia de Castalla), ha puesto en marcha su nuevo centro log\u00edstico en Castalla, un proyecto iniciado a principios de 2024 y que ya se encuentra plenamente operativo. Esta nueva instalaci\u00f3n supone un hito estrat\u00e9gico para la compa\u00f1\u00eda, orientado a reforzar su capacidad ...<\/p>\n","protected":false},"author":2,"featured_media":15963,"comment_status":"closed","ping_status":"closed","sticky":false,"template":"","format":"standard","meta":{"_monsterinsights_skip_tracking":false,"_monsterinsights_sitenote_active":false,"_monsterinsights_sitenote_note":"","_monsterinsights_sitenote_category":0,"footnotes":""},"categories":[4],"tags":[],"class_list":["post-15962","post","type-post","status-publish","format-standard","has-post-thumbnail","hentry","category-alicante"],"aioseo_notices":[],"_links":{"self":[{"href":"https:\/\/www.lafresca.fm\/fresca-api-json\/wp\/v2\/posts\/15962","targetHints":{"allow":["GET"]}}],"collection":[{"href":"https:\/\/www.lafresca.fm\/fresca-api-json\/wp\/v2\/posts"}],"about":[{"href":"https:\/\/www.lafresca.fm\/fresca-api-json\/wp\/v2\/types\/post"}],"author":[{"embeddable":true,"href":"https:\/\/www.lafresca.fm\/fresca-api-json\/wp\/v2\/users\/2"}],"replies":[{"embeddable":true,"href":"https:\/\/www.lafresca.fm\/fresca-api-json\/wp\/v2\/comments?post=15962"}],"version-history":[{"count":1,"href":"https:\/\/www.lafresca.fm\/fresca-api-json\/wp\/v2\/posts\/15962\/revisions"}],"predecessor-version":[{"id":15964,"href":"https:\/\/www.lafresca.fm\/fresca-api-json\/wp\/v2\/posts\/15962\/revisions\/15964"}],"wp:featuredmedia":[{"embeddable":true,"href":"https:\/\/www.lafresca.fm\/fresca-api-json\/wp\/v2\/media\/15963"}],"wp:attachment":[{"href":"https:\/\/www.lafresca.fm\/fresca-api-json\/wp\/v2\/media?parent=15962"}],"wp:term":[{"taxonomy":"category","embeddable":true,"href":"https:\/\/www.lafresca.fm\/fresca-api-json\/wp\/v2\/categories?post=15962"},{"taxonomy":"post_tag","embeddable":true,"href":"https:\/\/www.lafresca.fm\/fresca-api-json\/wp\/v2\/tags?post=15962"}],"curies":[{"name":"wp","href":"https:\/\/api.w.org\/{rel}","templated":true}]}}