{"id":15976,"date":"2025-08-03T11:04:57","date_gmt":"2025-08-03T09:04:57","guid":{"rendered":"https:\/\/www.lafresca.fm\/?p=15976"},"modified":"2025-08-03T11:05:07","modified_gmt":"2025-08-03T09:05:07","slug":"jorge-urena-se-proclama-campeon-de-espana-en-decatlon-con-podio-para-eusebio-caceres-y-gran-actuacion-del-ibense-pablo-roelas","status":"publish","type":"post","link":"https:\/\/www.lafresca.fm\/jorge-urena-se-proclama-campeon-de-espana-en-decatlon-con-podio-para-eusebio-caceres-y-gran-actuacion-del-ibense-pablo-roelas\/","title":{"rendered":"Jorge Ure\u00f1a se proclama campe\u00f3n de Espa\u00f1a en decatl\u00f3n, con podio para Eusebio C\u00e1ceres y gran actuaci\u00f3n del ibense Pablo Roelas"},"content":{"rendered":"\n<p>Los atletas de la Foia de Castalla tuvieron una destacada participaci\u00f3n en el Campeonato de Espa\u00f1a de Atletismo, que se celebr\u00f3 este fin de semana en Tarragona. Entre ellos dos atletas de Onil, Jorge Ure\u00f1a y Eusebio C\u00e1ceres y por otra parte el Ibense, Pablo Roelas, quienes dejaron huella con sus notables actuaciones.<\/p>\n\n\n\n<p><strong>Jorge Ure\u00f1a, campe\u00f3n nacional de decatl\u00f3n por quinta vez<\/strong><br>El colivenc Jorge Ure\u00f1a conquist\u00f3 su quinto t\u00edtulo de campe\u00f3n de Espa\u00f1a en decatl\u00f3n, en una competici\u00f3n que, aunque comenz\u00f3 con dificultades, culmin\u00f3 con un s\u00f3lido desempe\u00f1o. Despu\u00e9s de un primer d\u00eda irregular, Ure\u00f1a sell\u00f3 su victoria en la jornada final con una excelente marca en el salto con p\u00e9rtiga, donde igual\u00f3 su r\u00e9cord personal con 5,10 metros. Con un total de 8.075 puntos, Ure\u00f1a demostr\u00f3 por qu\u00e9 sigue siendo el referente del decatl\u00f3n espa\u00f1ol, dejando atr\u00e1s a Andreu Boix, quien se col\u00f3 en la plata con 7.835 puntos.<\/p>\n\n\n\n<p><strong>Pablo Roelas, otro ibense destacado<\/strong><br>Otro representante de la Comunidad Valenciana, el ibense Pablo Roelas, no pas\u00f3 desapercibido. El joven talento termin\u00f3 en una destacada quinta posici\u00f3n, siendo parte del cuarteto de atletas que dominaron la parte alta de la clasificaci\u00f3n. Roelas sigue demostrando su potencial y su capacidad para estar en la \u00e9lite del decatl\u00f3n espa\u00f1ol.<\/p>\n\n\n\n<p><strong>Eusebio C\u00e1ceres, medalla de bronce en salto de longitud<\/strong><br>Eusebio C\u00e1ceres, el experimentado saltador de Onil, consigui\u00f3 un meritorio bronce en la final de salto de longitud. A pesar de la exigencia de la prueba, con tres atletas por encima de los ocho metros, C\u00e1ceres logr\u00f3 un salto de 8,04 metros, quedando en la tercera posici\u00f3n. El triunfo fue para H\u00e9ctor Santos (8,09 metros), quien regresaba de una larga lesi\u00f3n, seguido de Jaime Guerra (8,08 metros). El atleta de Onil, que ha sumado ya once medallas en campeonatos nacionales, expres\u00f3 su satisfacci\u00f3n por haber podido superar una serie de lesiones y recuperar sus mejores marcas.<\/p>\n\n\n\n<figure class=\"wp-block-gallery has-nested-images columns-default is-cropped wp-block-gallery-1 is-layout-flex wp-block-gallery-is-layout-flex\">\n<figure class=\"wp-block-image size-large\"><img fetchpriority=\"high\" decoding=\"async\" width=\"1170\" height=\"780\" data-id=\"15977\" src=\"https:\/\/www.lafresca.fm\/f-solosog\/2025\/08\/eusebio-caceres-2-agosto-25-1170x780.jpg\" alt=\"\" class=\"wp-image-15977\" srcset=\"https:\/\/www.lafresca.fm\/f-solosog\/2025\/08\/eusebio-caceres-2-agosto-25-1170x780.jpg 1170w, https:\/\/www.lafresca.fm\/f-solosog\/2025\/08\/eusebio-caceres-2-agosto-25-770x513.jpg 770w, https:\/\/www.lafresca.fm\/f-solosog\/2025\/08\/eusebio-caceres-2-agosto-25-768x512.jpg 768w, https:\/\/www.lafresca.fm\/f-solosog\/2025\/08\/eusebio-caceres-2-agosto-25-1536x1023.jpg 1536w, https:\/\/www.lafresca.fm\/f-solosog\/2025\/08\/eusebio-caceres-2-agosto-25.jpg 1600w\" sizes=\"(max-width: 1170px) 100vw, 1170px\" \/><\/figure>\n\n\n\n<figure class=\"wp-block-image size-large\"><img decoding=\"async\" width=\"1170\" height=\"780\" data-id=\"15978\" src=\"https:\/\/www.lafresca.fm\/f-solosog\/2025\/08\/urena-3-agosto25-1170x780.jpg\" alt=\"\" class=\"wp-image-15978\" srcset=\"https:\/\/www.lafresca.fm\/f-solosog\/2025\/08\/urena-3-agosto25-1170x780.jpg 1170w, https:\/\/www.lafresca.fm\/f-solosog\/2025\/08\/urena-3-agosto25-770x513.jpg 770w, https:\/\/www.lafresca.fm\/f-solosog\/2025\/08\/urena-3-agosto25-768x512.jpg 768w, https:\/\/www.lafresca.fm\/f-solosog\/2025\/08\/urena-3-agosto25-1536x1023.jpg 1536w, https:\/\/www.lafresca.fm\/f-solosog\/2025\/08\/urena-3-agosto25.jpg 1600w\" sizes=\"(max-width: 1170px) 100vw, 1170px\" \/><\/figure>\n<\/figure>\n<script>function PlayerjsAsync(){} if(window[\"Playerjs\"]){PlayerjsAsync();}<\/script>","protected":false},"excerpt":{"rendered":"<p>Los atletas de la Foia de Castalla tuvieron una destacada participaci\u00f3n en el Campeonato de Espa\u00f1a de Atletismo, que se celebr\u00f3 este fin de semana en Tarragona. Entre ellos dos atletas de Onil, Jorge Ure\u00f1a y Eusebio C\u00e1ceres y por otra parte el Ibense, Pablo Roelas, quienes dejaron huella con ...<\/p>\n","protected":false},"author":2,"featured_media":15979,"comment_status":"closed","ping_status":"closed","sticky":false,"template":"","format":"standard","meta":{"_monsterinsights_skip_tracking":false,"_monsterinsights_sitenote_active":false,"_monsterinsights_sitenote_note":"","_monsterinsights_sitenote_category":0,"footnotes":""},"categories":[4],"tags":[133],"class_list":["post-15976","post","type-post","status-publish","format-standard","has-post-thumbnail","hentry","category-alicante","tag-onil"],"aioseo_notices":[],"_links":{"self":[{"href":"https:\/\/www.lafresca.fm\/fresca-api-json\/wp\/v2\/posts\/15976","targetHints":{"allow":["GET"]}}],"collection":[{"href":"https:\/\/www.lafresca.fm\/fresca-api-json\/wp\/v2\/posts"}],"about":[{"href":"https:\/\/www.lafresca.fm\/fresca-api-json\/wp\/v2\/types\/post"}],"author":[{"embeddable":true,"href":"https:\/\/www.lafresca.fm\/fresca-api-json\/wp\/v2\/users\/2"}],"replies":[{"embeddable":true,"href":"https:\/\/www.lafresca.fm\/fresca-api-json\/wp\/v2\/comments?post=15976"}],"version-history":[{"count":1,"href":"https:\/\/www.lafresca.fm\/fresca-api-json\/wp\/v2\/posts\/15976\/revisions"}],"predecessor-version":[{"id":15981,"href":"https:\/\/www.lafresca.fm\/fresca-api-json\/wp\/v2\/posts\/15976\/revisions\/15981"}],"wp:featuredmedia":[{"embeddable":true,"href":"https:\/\/www.lafresca.fm\/fresca-api-json\/wp\/v2\/media\/15979"}],"wp:attachment":[{"href":"https:\/\/www.lafresca.fm\/fresca-api-json\/wp\/v2\/media?parent=15976"}],"wp:term":[{"taxonomy":"category","embeddable":true,"href":"https:\/\/www.lafresca.fm\/fresca-api-json\/wp\/v2\/categories?post=15976"},{"taxonomy":"post_tag","embeddable":true,"href":"https:\/\/www.lafresca.fm\/fresca-api-json\/wp\/v2\/tags?post=15976"}],"curies":[{"name":"wp","href":"https:\/\/api.w.org\/{rel}","templated":true}]}}