{"id":15982,"date":"2025-08-04T10:07:10","date_gmt":"2025-08-04T08:07:10","guid":{"rendered":"https:\/\/www.lafresca.fm\/?p=15982"},"modified":"2025-08-04T10:07:12","modified_gmt":"2025-08-04T08:07:12","slug":"la-foia-de-castalla-duplica-la-vida-media-de-las-pymes-espanolas-con-un-tercio-de-sus-empresas-por-encima-de-los-25-anos","status":"publish","type":"post","link":"https:\/\/www.lafresca.fm\/la-foia-de-castalla-duplica-la-vida-media-de-las-pymes-espanolas-con-un-tercio-de-sus-empresas-por-encima-de-los-25-anos\/","title":{"rendered":"La Foia de Castalla duplica la vida media de las pymes espa\u00f1olas con un tercio de sus empresas por encima de los 25 a\u00f1os"},"content":{"rendered":"\n<p>La Foia de Castalla confirma su perfil como uno de los territorios industriales m\u00e1s consolidados de la Comunidad Valenciana. As\u00ed lo refleja el \u00faltimo informe econ\u00f3mico elaborado por la consultora Econ\u00f3micamente y presentado en la sede de la Asociaci\u00f3n de Empresarios Foia de Castalla (IBIAE), que&nbsp;<strong>subraya la madurez y estabilidad del tejido productivo<\/strong>&nbsp;frente a la corta esperanza de vida que caracteriza a la mayor\u00eda de pymes en Espa\u00f1a.<\/p>\n\n\n\n<p>Seg\u00fan el estudio, un 33\u202f% de las empresas de la comarca supera los 25 a\u00f1os de actividad y otro 40\u202f% se sit\u00faa entre 10 y 25 a\u00f1os, una longevidad muy por encima de la media nacional. El informe recoge datos de la asociaci\u00f3n Cepyme (2022), que sit\u00faan la esperanza de vida de una<strong>&nbsp;pyme en Espa\u00f1a en 10,8 a\u00f1os<\/strong>&nbsp;y advierten que m\u00e1s de la mitad (61,5\u202f%) de las nuevas empresas no superan los cinco a\u00f1os de trayectoria.<\/p>\n\n\n\n<figure class=\"wp-block-image size-full\"><img fetchpriority=\"high\" decoding=\"async\" width=\"400\" height=\"414\" src=\"https:\/\/www.lafresca.fm\/f-solosog\/2025\/08\/poligono-ibi-dronil.gif\" alt=\"\" class=\"wp-image-15983\"\/><\/figure>\n\n\n\n<p><em>Imagen de Dronil<\/em><\/p>\n\n\n\n<p>Adem\u00e1s, en la Foia de Castalla, el 25\u202f% de la poblaci\u00f3n trabaja en empresas, un porcentaje de trabajadores sobre poblaci\u00f3n que supera al de la Comunidad Valenciana (19\u202f%) y que solo es mayor en territorios como el Pa\u00eds Vasco (33\u202f%).<\/p>\n\n\n\n<p>Durante la presentaci\u00f3n, H\u00e9ctor Torrente, director de IBIAE, subray\u00f3 la relevancia de este tejido productivo: \u201cSe trata de un territorio industrial muy diversificado, con una gran cantidad de empresas consolidadas en los a\u00f1os, con una alta empleabilidad\u201d. Esta estabilidad, dijo, explica en buena parte la capacidad de la Foia para mantener empresas activas y empleo estable durante d\u00e9cadas.<\/p>\n\n\n\n<p>Pablo Fambuena, consultor de Econ\u00f3micamente, record\u00f3 que el modelo de la Foia no es coyuntural, sino resultado de d\u00e9cadas de trabajo sostenido: \u201cEsto no es cuesti\u00f3n de diez minutos, sino que realmente esto estaba coci\u00e9ndose durante mucho tiempo\u201d.<\/p>\n\n\n\n<p>Con 1.120 empresas activas, un cuarto de la poblaci\u00f3n vinculada directamente al sector productivo y una estructura mayoritariamente industrial, la Foia de Castalla consolida una base econ\u00f3mica que, a diferencia de la media nacional, se caracteriza por empresas longevas, reinversi\u00f3n continua y menor rotaci\u00f3n empresarial.<\/p>\n\n\n\n<figure class=\"wp-block-image\"><img decoding=\"async\" src=\"https:\/\/www.ibiae.com\/wp-content\/uploads\/2025\/07\/informe-economico-captura-1024x558.jpg\" alt=\"\" class=\"wp-image-31879\"\/><\/figure>\n<script>function PlayerjsAsync(){} if(window[\"Playerjs\"]){PlayerjsAsync();}<\/script>","protected":false},"excerpt":{"rendered":"<p>La Foia de Castalla confirma su perfil como uno de los territorios industriales m\u00e1s consolidados de la Comunidad Valenciana. As\u00ed lo refleja el \u00faltimo informe econ\u00f3mico elaborado por la consultora Econ\u00f3micamente y presentado en la sede de la Asociaci\u00f3n de Empresarios Foia de Castalla (IBIAE), que&nbsp;subraya la madurez y estabilidad ...<\/p>\n","protected":false},"author":2,"featured_media":15983,"comment_status":"closed","ping_status":"closed","sticky":false,"template":"","format":"standard","meta":{"_monsterinsights_skip_tracking":false,"_monsterinsights_sitenote_active":false,"_monsterinsights_sitenote_note":"","_monsterinsights_sitenote_category":0,"footnotes":""},"categories":[4],"tags":[],"class_list":["post-15982","post","type-post","status-publish","format-standard","has-post-thumbnail","hentry","category-alicante"],"aioseo_notices":[],"_links":{"self":[{"href":"https:\/\/www.lafresca.fm\/fresca-api-json\/wp\/v2\/posts\/15982","targetHints":{"allow":["GET"]}}],"collection":[{"href":"https:\/\/www.lafresca.fm\/fresca-api-json\/wp\/v2\/posts"}],"about":[{"href":"https:\/\/www.lafresca.fm\/fresca-api-json\/wp\/v2\/types\/post"}],"author":[{"embeddable":true,"href":"https:\/\/www.lafresca.fm\/fresca-api-json\/wp\/v2\/users\/2"}],"replies":[{"embeddable":true,"href":"https:\/\/www.lafresca.fm\/fresca-api-json\/wp\/v2\/comments?post=15982"}],"version-history":[{"count":1,"href":"https:\/\/www.lafresca.fm\/fresca-api-json\/wp\/v2\/posts\/15982\/revisions"}],"predecessor-version":[{"id":15984,"href":"https:\/\/www.lafresca.fm\/fresca-api-json\/wp\/v2\/posts\/15982\/revisions\/15984"}],"wp:featuredmedia":[{"embeddable":true,"href":"https:\/\/www.lafresca.fm\/fresca-api-json\/wp\/v2\/media\/15983"}],"wp:attachment":[{"href":"https:\/\/www.lafresca.fm\/fresca-api-json\/wp\/v2\/media?parent=15982"}],"wp:term":[{"taxonomy":"category","embeddable":true,"href":"https:\/\/www.lafresca.fm\/fresca-api-json\/wp\/v2\/categories?post=15982"},{"taxonomy":"post_tag","embeddable":true,"href":"https:\/\/www.lafresca.fm\/fresca-api-json\/wp\/v2\/tags?post=15982"}],"curies":[{"name":"wp","href":"https:\/\/api.w.org\/{rel}","templated":true}]}}