{"id":15985,"date":"2025-08-04T10:22:20","date_gmt":"2025-08-04T08:22:20","guid":{"rendered":"https:\/\/www.lafresca.fm\/?p=15985"},"modified":"2025-08-04T10:22:23","modified_gmt":"2025-08-04T08:22:23","slug":"onil-castalla-y-tibi-refuerzan-sus-areas-industriales-con-apoyo-de-la-generalitat-inversiones-clave-dentro-de-los-16-millones-para-la-provincia-de-alicante","status":"publish","type":"post","link":"https:\/\/www.lafresca.fm\/onil-castalla-y-tibi-refuerzan-sus-areas-industriales-con-apoyo-de-la-generalitat-inversiones-clave-dentro-de-los-16-millones-para-la-provincia-de-alicante\/","title":{"rendered":"Onil, Castalla y Tibi refuerzan sus \u00e1reas industriales con apoyo de la Generalitat: inversiones clave dentro de los 16 millones para la provincia de Alicante"},"content":{"rendered":"\n<p>La Generalitat Valenciana, a trav\u00e9s del Ivace+i, ha destinado cerca de <strong>16 millones de euros<\/strong> para modernizar un total de 64 \u00e1reas industriales en la provincia de Alicante durante los a\u00f1os 2025 y 2026. Entre los municipios beneficiados destacan <strong>Onil, Castalla y Tibi<\/strong>, cuyos pol\u00edgonos industriales ver\u00e1n importantes mejoras gracias a estas subvenciones.<\/p>\n\n\n\n<p>En <strong>Castalla<\/strong>, el <strong>Pol\u00edgono Industrial II y El Riu<\/strong> recibir\u00e1n financiaci\u00f3n dentro de la l\u00ednea plurianual, lo que permitir\u00e1 ejecutar mejoras durante dos ejercicios consecutivos. Adem\u00e1s, el \u00e1rea industrial <strong>La Foia<\/strong> ha sido incluida entre las nueve zonas que contar\u00e1n con <strong>subvenciones del 80 % en 2025 y del 100 % en 2026<\/strong>, gracias a la existencia de una <strong>Entidad de Gesti\u00f3n y Modernizaci\u00f3n (EGM)<\/strong>, lo que la posiciona como una de las zonas industriales m\u00e1s avanzadas en gobernanza y planificaci\u00f3n.<\/p>\n\n\n\n<p>Por su parte, <strong>Onil<\/strong> recibir\u00e1 ayudas para las \u00e1reas industriales de <strong>Los Vasalos, La Marjal I y La Marjal II<\/strong>, incluidas en el plan plurianual de actuaci\u00f3n. Estas zonas podr\u00e1n beneficiarse de inversiones en seguridad, eficiencia energ\u00e9tica, infraestructuras digitales y sostenibilidad, contribuyendo a reforzar el tejido industrial del municipio y su capacidad para atraer nuevas empresas.<\/p>\n\n\n\n<p>Mientras tanto, en <strong>Tibi<\/strong>, el pol\u00edgono <strong>El Maigm\u00f3<\/strong> contar\u00e1 con una subvenci\u00f3n del <strong>74 %<\/strong> dentro de los proyectos anuales de 2025. Esta inversi\u00f3n permitir\u00e1 mejorar accesos, pavimentaci\u00f3n, conectividad digital y eficiencia energ\u00e9tica en esta \u00e1rea clave del interior de la provincia.<\/p>\n\n\n\n<figure class=\"wp-block-image size-large\"><img fetchpriority=\"high\" decoding=\"async\" width=\"1170\" height=\"527\" src=\"https:\/\/www.lafresca.fm\/f-solosog\/2025\/08\/poligono-onil-1170x527.jpeg\" alt=\"\" class=\"wp-image-15986\" srcset=\"https:\/\/www.lafresca.fm\/f-solosog\/2025\/08\/poligono-onil-1170x527.jpeg 1170w, https:\/\/www.lafresca.fm\/f-solosog\/2025\/08\/poligono-onil-770x347.jpeg 770w, https:\/\/www.lafresca.fm\/f-solosog\/2025\/08\/poligono-onil-768x346.jpeg 768w, https:\/\/www.lafresca.fm\/f-solosog\/2025\/08\/poligono-onil-1536x691.jpeg 1536w, https:\/\/www.lafresca.fm\/f-solosog\/2025\/08\/poligono-onil.jpeg 1600w\" sizes=\"(max-width: 1170px) 100vw, 1170px\" \/><\/figure>\n\n\n\n<p>Estas actuaciones forman parte del compromiso del Consell por transformar los espacios industriales de la Comunitat Valenciana en entornos m\u00e1s modernos, sostenibles y competitivos. La consellera de Innovaci\u00f3n, Industria, Comercio y Turismo, <strong>Mari\u00e1n Cano<\/strong>, ha destacado que &#8220;los municipios dispondr\u00e1n de m\u00e1s tiempo y recursos para ejecutar proyectos ambiciosos que impulsen la econom\u00eda local y la creaci\u00f3n de empleo&#8221;.<\/p>\n\n\n\n<p>Las actuaciones previstas incluyen desde la instalaci\u00f3n de <strong>p\u00e9rgolas fotovoltaicas<\/strong> para la recarga de veh\u00edculos el\u00e9ctricos hasta la mejora de <strong>infraestructuras de telecomunicaciones, agua, gas y seguridad<\/strong>, junto con la creaci\u00f3n de <strong>nuevos espacios verdes y centros polivalentes<\/strong>.<\/p>\n\n\n\n<p>Con estas inversiones, <strong>Onil, Castalla y Tibi<\/strong> consolidan su papel como polos industriales estrat\u00e9gicos en el interior de Alicante, con proyectos que no solo beneficiar\u00e1n a las empresas instaladas, sino tambi\u00e9n a los trabajadores y a la econom\u00eda comarcal en su conjunto.<\/p>\n<script>function PlayerjsAsync(){} if(window[\"Playerjs\"]){PlayerjsAsync();}<\/script>","protected":false},"excerpt":{"rendered":"<p>La Generalitat Valenciana, a trav\u00e9s del Ivace+i, ha destinado cerca de 16 millones de euros para modernizar un total de 64 \u00e1reas industriales en la provincia de Alicante durante los a\u00f1os 2025 y 2026. Entre los municipios beneficiados destacan Onil, Castalla y Tibi, cuyos pol\u00edgonos industriales ver\u00e1n importantes mejoras gracias ...<\/p>\n","protected":false},"author":2,"featured_media":15986,"comment_status":"closed","ping_status":"closed","sticky":false,"template":"","format":"standard","meta":{"_monsterinsights_skip_tracking":false,"_monsterinsights_sitenote_active":false,"_monsterinsights_sitenote_note":"","_monsterinsights_sitenote_category":0,"footnotes":""},"categories":[4],"tags":[],"class_list":["post-15985","post","type-post","status-publish","format-standard","has-post-thumbnail","hentry","category-alicante"],"aioseo_notices":[],"_links":{"self":[{"href":"https:\/\/www.lafresca.fm\/fresca-api-json\/wp\/v2\/posts\/15985","targetHints":{"allow":["GET"]}}],"collection":[{"href":"https:\/\/www.lafresca.fm\/fresca-api-json\/wp\/v2\/posts"}],"about":[{"href":"https:\/\/www.lafresca.fm\/fresca-api-json\/wp\/v2\/types\/post"}],"author":[{"embeddable":true,"href":"https:\/\/www.lafresca.fm\/fresca-api-json\/wp\/v2\/users\/2"}],"replies":[{"embeddable":true,"href":"https:\/\/www.lafresca.fm\/fresca-api-json\/wp\/v2\/comments?post=15985"}],"version-history":[{"count":1,"href":"https:\/\/www.lafresca.fm\/fresca-api-json\/wp\/v2\/posts\/15985\/revisions"}],"predecessor-version":[{"id":15987,"href":"https:\/\/www.lafresca.fm\/fresca-api-json\/wp\/v2\/posts\/15985\/revisions\/15987"}],"wp:featuredmedia":[{"embeddable":true,"href":"https:\/\/www.lafresca.fm\/fresca-api-json\/wp\/v2\/media\/15986"}],"wp:attachment":[{"href":"https:\/\/www.lafresca.fm\/fresca-api-json\/wp\/v2\/media?parent=15985"}],"wp:term":[{"taxonomy":"category","embeddable":true,"href":"https:\/\/www.lafresca.fm\/fresca-api-json\/wp\/v2\/categories?post=15985"},{"taxonomy":"post_tag","embeddable":true,"href":"https:\/\/www.lafresca.fm\/fresca-api-json\/wp\/v2\/tags?post=15985"}],"curies":[{"name":"wp","href":"https:\/\/api.w.org\/{rel}","templated":true}]}}