{"id":15988,"date":"2025-08-04T10:30:24","date_gmt":"2025-08-04T08:30:24","guid":{"rendered":"https:\/\/www.lafresca.fm\/?p=15988"},"modified":"2025-08-04T10:30:27","modified_gmt":"2025-08-04T08:30:27","slug":"detenido-en-onil-con-2-kg-de-marihuana-lista-para-su-distribucion","status":"publish","type":"post","link":"https:\/\/www.lafresca.fm\/detenido-en-onil-con-2-kg-de-marihuana-lista-para-su-distribucion\/","title":{"rendered":"Detenido en Onil con 2 kg de marihuana lista para su distribuci\u00f3n"},"content":{"rendered":"\n<p>La r\u00e1pida actuaci\u00f3n de la Polic\u00eda Local de Onil ha permitido interceptar a dos veh\u00edculos en actitud sospechosa tras el aviso de un vecino, que alert\u00f3 sobre comportamientos extra\u00f1os por parte de ambos conductores en las inmediaciones del municipio.<\/p>\n\n\n\n<p>Tras recibir el aviso, la patrulla en servicio procedi\u00f3 a realizar una ronda preventiva, logrando localizar e interceptar a los veh\u00edculos antes de que abandonaran la localidad. En el momento de la intervenci\u00f3n, uno de los implicados logr\u00f3 darse a la fuga a pie, mientras que el otro fue retenido e identificado en el lugar de los hechos. Ninguno de los dos individuos ten\u00eda residencia en Onil.<\/p>\n\n\n\n<figure class=\"wp-block-image size-full\"><img fetchpriority=\"high\" decoding=\"async\" width=\"1027\" height=\"752\" src=\"https:\/\/www.lafresca.fm\/f-solosog\/2025\/08\/policia-onil-marihuana-4725.jpg\" alt=\"\" class=\"wp-image-15989\" srcset=\"https:\/\/www.lafresca.fm\/f-solosog\/2025\/08\/policia-onil-marihuana-4725.jpg 1027w, https:\/\/www.lafresca.fm\/f-solosog\/2025\/08\/policia-onil-marihuana-4725-770x564.jpg 770w, https:\/\/www.lafresca.fm\/f-solosog\/2025\/08\/policia-onil-marihuana-4725-768x562.jpg 768w\" sizes=\"(max-width: 1027px) 100vw, 1027px\" \/><\/figure>\n\n\n\n<p>Durante el cacheo superficial realizado al detenido, los agentes localizaron diversas sustancias estupefacientes. Debido al elevado estado de nerviosismo que presentaba el sujeto, se solicit\u00f3 apoyo a la unidad canina de la Polic\u00eda Local de Castalla. El can de detecci\u00f3n de drogas localiz\u00f3 m\u00e1s sustancias ocultas dentro del veh\u00edculo.<\/p>\n\n\n\n<p>La sorpresa lleg\u00f3 al revisar el coche del implicado fugado, donde se descubri\u00f3 una bolsa con aproximadamente 2 kilogramos de marihuana, ya secada y lista para su distribuci\u00f3n y consumo.<\/p>\n\n\n\n<p>Como resultado de la operaci\u00f3n, el sujeto fue detenido por un delito contra la salud p\u00fablica y por atentado contra agente de la autoridad. La investigaci\u00f3n contin\u00faa abierta para dar con el paradero del segundo implicado. <\/p>\n<script>function PlayerjsAsync(){} if(window[\"Playerjs\"]){PlayerjsAsync();}<\/script>","protected":false},"excerpt":{"rendered":"<p>La r\u00e1pida actuaci\u00f3n de la Polic\u00eda Local de Onil ha permitido interceptar a dos veh\u00edculos en actitud sospechosa tras el aviso de un vecino, que alert\u00f3 sobre comportamientos extra\u00f1os por parte de ambos conductores en las inmediaciones del municipio. Tras recibir el aviso, la patrulla en servicio procedi\u00f3 a realizar ...<\/p>\n","protected":false},"author":2,"featured_media":15989,"comment_status":"closed","ping_status":"closed","sticky":false,"template":"","format":"standard","meta":{"_monsterinsights_skip_tracking":false,"_monsterinsights_sitenote_active":false,"_monsterinsights_sitenote_note":"","_monsterinsights_sitenote_category":0,"footnotes":""},"categories":[4],"tags":[133],"class_list":["post-15988","post","type-post","status-publish","format-standard","has-post-thumbnail","hentry","category-alicante","tag-onil"],"aioseo_notices":[],"_links":{"self":[{"href":"https:\/\/www.lafresca.fm\/fresca-api-json\/wp\/v2\/posts\/15988","targetHints":{"allow":["GET"]}}],"collection":[{"href":"https:\/\/www.lafresca.fm\/fresca-api-json\/wp\/v2\/posts"}],"about":[{"href":"https:\/\/www.lafresca.fm\/fresca-api-json\/wp\/v2\/types\/post"}],"author":[{"embeddable":true,"href":"https:\/\/www.lafresca.fm\/fresca-api-json\/wp\/v2\/users\/2"}],"replies":[{"embeddable":true,"href":"https:\/\/www.lafresca.fm\/fresca-api-json\/wp\/v2\/comments?post=15988"}],"version-history":[{"count":1,"href":"https:\/\/www.lafresca.fm\/fresca-api-json\/wp\/v2\/posts\/15988\/revisions"}],"predecessor-version":[{"id":15990,"href":"https:\/\/www.lafresca.fm\/fresca-api-json\/wp\/v2\/posts\/15988\/revisions\/15990"}],"wp:featuredmedia":[{"embeddable":true,"href":"https:\/\/www.lafresca.fm\/fresca-api-json\/wp\/v2\/media\/15989"}],"wp:attachment":[{"href":"https:\/\/www.lafresca.fm\/fresca-api-json\/wp\/v2\/media?parent=15988"}],"wp:term":[{"taxonomy":"category","embeddable":true,"href":"https:\/\/www.lafresca.fm\/fresca-api-json\/wp\/v2\/categories?post=15988"},{"taxonomy":"post_tag","embeddable":true,"href":"https:\/\/www.lafresca.fm\/fresca-api-json\/wp\/v2\/tags?post=15988"}],"curies":[{"name":"wp","href":"https:\/\/api.w.org\/{rel}","templated":true}]}}