{"id":15992,"date":"2025-08-05T09:35:28","date_gmt":"2025-08-05T07:35:28","guid":{"rendered":"https:\/\/www.lafresca.fm\/?p=15992"},"modified":"2025-08-05T09:35:31","modified_gmt":"2025-08-05T07:35:31","slug":"ibi-celebra-este-miercoles-6-de-agosto-la-festividad-de-el-salvador-con-tradicion-y-la-prohibicion-de-encender-fuego-o-tirar-cohetes","status":"publish","type":"post","link":"https:\/\/www.lafresca.fm\/ibi-celebra-este-miercoles-6-de-agosto-la-festividad-de-el-salvador-con-tradicion-y-la-prohibicion-de-encender-fuego-o-tirar-cohetes\/","title":{"rendered":"Ibi celebra este mi\u00e9rcoles 6 de agosto la Festividad de El Salvador con tradici\u00f3n y la prohibici\u00f3n de encender fuego o tirar cohetes"},"content":{"rendered":"\n<p>Este mi\u00e9rcoles 6 de agosto, el municipio de Ibi celebrar\u00e1 una de sus festividades m\u00e1s queridas: el d\u00eda de <em>El Salvador<\/em>, patr\u00f3n de la localidad. Como cada a\u00f1o, la jornada promete una tarde-noche llena de tradici\u00f3n, devoci\u00f3n y convivencia vecinal.<\/p>\n\n\n\n<p><strong>Programa de actividades:<\/strong><\/p>\n\n\n\n<ul class=\"wp-block-list\">\n<li><strong>20:00 h.<\/strong> Misa en honor al Patr\u00f3n de Ibi, en la Parroquia de la Transfiguraci\u00f3n del Se\u00f1or.<\/li>\n\n\n\n<li><strong>21:00 h.<\/strong> Reparto de horchata y agua lim\u00f3n en la Plaza de la Palla.<\/li>\n\n\n\n<li>A continuaci\u00f3n, se celebrar\u00e1n bailes populares para disfrute de todos los asistentes.<\/li>\n<\/ul>\n\n\n\n<p>Sin embargo, la celebraci\u00f3n viene acompa\u00f1ada de un <strong>llamado especial a la responsabilidad colectiva<\/strong>. El Ayuntamiento de Ibi ha emitido un <strong>bando oficial<\/strong> recordando la <strong>prohibici\u00f3n expresa de lanzar cohetes, fuegos artificiales, petardos o encender fuego<\/strong>, debido al <strong>riesgo extremo de incendios<\/strong>.<\/p>\n\n\n\n<p>El Alcalde, Sergio Carrasco, subraya en el bando la preocupaci\u00f3n por el <strong>reciente incendio sufrido en el t\u00e9rmino municipal<\/strong>, y recalca la importancia de <strong>respetar estas medidas de seguridad<\/strong>, especialmente dadas las condiciones actuales de <strong>calor, sequedad y posible viento<\/strong>.<\/p>\n\n\n\n<p><strong>IMPORTANTE<\/strong><br>&#8220;Por favor, hagamos caso de las prohibiciones. Nuestro paraje est\u00e1 en juego&#8221;, destacan desde el Ayuntamiento. La restricci\u00f3n se mantiene vigente desde el <strong>31 de mayo hasta el 15 de octubre<\/strong>, especialmente en zonas cercanas a terrenos forestales.<\/p>\n\n\n\n<p>En caso de detectar un incendio o conato, debe contactarse de inmediato al <strong>112<\/strong> o avisar a la Polic\u00eda Local (<strong>965 55 00 78<\/strong> \/ <strong>661 594 481<\/strong>).<\/p>\n\n\n\n<figure class=\"wp-block-image size-large\"><img fetchpriority=\"high\" decoding=\"async\" width=\"827\" height=\"1170\" src=\"https:\/\/www.lafresca.fm\/f-solosog\/2025\/08\/san-salvador-25-827x1170.jpg\" alt=\"\" class=\"wp-image-15993\" srcset=\"https:\/\/www.lafresca.fm\/f-solosog\/2025\/08\/san-salvador-25-827x1170.jpg 827w, https:\/\/www.lafresca.fm\/f-solosog\/2025\/08\/san-salvador-25-544x770.jpg 544w, https:\/\/www.lafresca.fm\/f-solosog\/2025\/08\/san-salvador-25-768x1086.jpg 768w, https:\/\/www.lafresca.fm\/f-solosog\/2025\/08\/san-salvador-25-1086x1536.jpg 1086w, https:\/\/www.lafresca.fm\/f-solosog\/2025\/08\/san-salvador-25.jpg 1448w\" sizes=\"(max-width: 827px) 100vw, 827px\" \/><\/figure>\n<script>function PlayerjsAsync(){} if(window[\"Playerjs\"]){PlayerjsAsync();}<\/script>","protected":false},"excerpt":{"rendered":"<p>Este mi\u00e9rcoles 6 de agosto, el municipio de Ibi celebrar\u00e1 una de sus festividades m\u00e1s queridas: el d\u00eda de El Salvador, patr\u00f3n de la localidad. Como cada a\u00f1o, la jornada promete una tarde-noche llena de tradici\u00f3n, devoci\u00f3n y convivencia vecinal. Programa de actividades: Sin embargo, la celebraci\u00f3n viene acompa\u00f1ada de ...<\/p>\n","protected":false},"author":2,"featured_media":15993,"comment_status":"closed","ping_status":"closed","sticky":false,"template":"","format":"standard","meta":{"_monsterinsights_skip_tracking":false,"_monsterinsights_sitenote_active":false,"_monsterinsights_sitenote_note":"","_monsterinsights_sitenote_category":0,"footnotes":""},"categories":[4],"tags":[128],"class_list":["post-15992","post","type-post","status-publish","format-standard","has-post-thumbnail","hentry","category-alicante","tag-ibi"],"aioseo_notices":[],"_links":{"self":[{"href":"https:\/\/www.lafresca.fm\/fresca-api-json\/wp\/v2\/posts\/15992","targetHints":{"allow":["GET"]}}],"collection":[{"href":"https:\/\/www.lafresca.fm\/fresca-api-json\/wp\/v2\/posts"}],"about":[{"href":"https:\/\/www.lafresca.fm\/fresca-api-json\/wp\/v2\/types\/post"}],"author":[{"embeddable":true,"href":"https:\/\/www.lafresca.fm\/fresca-api-json\/wp\/v2\/users\/2"}],"replies":[{"embeddable":true,"href":"https:\/\/www.lafresca.fm\/fresca-api-json\/wp\/v2\/comments?post=15992"}],"version-history":[{"count":1,"href":"https:\/\/www.lafresca.fm\/fresca-api-json\/wp\/v2\/posts\/15992\/revisions"}],"predecessor-version":[{"id":15994,"href":"https:\/\/www.lafresca.fm\/fresca-api-json\/wp\/v2\/posts\/15992\/revisions\/15994"}],"wp:featuredmedia":[{"embeddable":true,"href":"https:\/\/www.lafresca.fm\/fresca-api-json\/wp\/v2\/media\/15993"}],"wp:attachment":[{"href":"https:\/\/www.lafresca.fm\/fresca-api-json\/wp\/v2\/media?parent=15992"}],"wp:term":[{"taxonomy":"category","embeddable":true,"href":"https:\/\/www.lafresca.fm\/fresca-api-json\/wp\/v2\/categories?post=15992"},{"taxonomy":"post_tag","embeddable":true,"href":"https:\/\/www.lafresca.fm\/fresca-api-json\/wp\/v2\/tags?post=15992"}],"curies":[{"name":"wp","href":"https:\/\/api.w.org\/{rel}","templated":true}]}}