{"id":15995,"date":"2025-08-06T12:05:24","date_gmt":"2025-08-06T10:05:24","guid":{"rendered":"https:\/\/www.lafresca.fm\/?p=15995"},"modified":"2025-08-06T12:05:25","modified_gmt":"2025-08-06T10:05:25","slug":"el-ayuntamiento-de-onil-instala-barreras-protectoras-en-el-parque-cavanilles-para-mejorar-la-seguridad-infantil","status":"publish","type":"post","link":"https:\/\/www.lafresca.fm\/el-ayuntamiento-de-onil-instala-barreras-protectoras-en-el-parque-cavanilles-para-mejorar-la-seguridad-infantil\/","title":{"rendered":"El Ayuntamiento de Onil instala barreras protectoras en el Parque Cavanilles para mejorar la seguridad infantil"},"content":{"rendered":"\n<p>El Parque Cavanilles de Onil cuenta desde esta semana con nuevas barreras de protecci\u00f3n que mejoran significativamente la seguridad en la zona infantil. Esta actuaci\u00f3n ha sido promovida por la concejal No Adscrita, Susana Ort\u00edz, y ejecutada por el Ayuntamiento.<\/p>\n\n\n\n<p>Las nuevas estructuras tienen como objetivo principal evitar que los ni\u00f1os accedan directamente a la v\u00eda p\u00fablica desde el \u00e1rea de juegos, reduciendo as\u00ed el riesgo de accidentes y mejorando la tranquilidad de las familias usuarias del parque.<\/p>\n\n\n\n<figure class=\"wp-block-image size-large\"><img fetchpriority=\"high\" decoding=\"async\" width=\"1170\" height=\"878\" src=\"https:\/\/www.lafresca.fm\/f-solosog\/2025\/08\/barreras-parque-cavanilles-onil-6825-1170x878.jpeg\" alt=\"\" class=\"wp-image-15996\" srcset=\"https:\/\/www.lafresca.fm\/f-solosog\/2025\/08\/barreras-parque-cavanilles-onil-6825-1170x878.jpeg 1170w, https:\/\/www.lafresca.fm\/f-solosog\/2025\/08\/barreras-parque-cavanilles-onil-6825-770x578.jpeg 770w, https:\/\/www.lafresca.fm\/f-solosog\/2025\/08\/barreras-parque-cavanilles-onil-6825-768x576.jpeg 768w, https:\/\/www.lafresca.fm\/f-solosog\/2025\/08\/barreras-parque-cavanilles-onil-6825-1536x1152.jpeg 1536w, https:\/\/www.lafresca.fm\/f-solosog\/2025\/08\/barreras-parque-cavanilles-onil-6825.jpeg 2000w\" sizes=\"(max-width: 1170px) 100vw, 1170px\" \/><\/figure>\n\n\n\n<p><\/p>\n<script>function PlayerjsAsync(){} if(window[\"Playerjs\"]){PlayerjsAsync();}<\/script>","protected":false},"excerpt":{"rendered":"<p>El Parque Cavanilles de Onil cuenta desde esta semana con nuevas barreras de protecci\u00f3n que mejoran significativamente la seguridad en la zona infantil. Esta actuaci\u00f3n ha sido promovida por la concejal No Adscrita, Susana Ort\u00edz, y ejecutada por el Ayuntamiento. Las nuevas estructuras tienen como objetivo principal evitar que los ...<\/p>\n","protected":false},"author":2,"featured_media":15996,"comment_status":"closed","ping_status":"closed","sticky":false,"template":"","format":"standard","meta":{"_monsterinsights_skip_tracking":false,"_monsterinsights_sitenote_active":false,"_monsterinsights_sitenote_note":"","_monsterinsights_sitenote_category":0,"footnotes":""},"categories":[4],"tags":[133],"class_list":["post-15995","post","type-post","status-publish","format-standard","has-post-thumbnail","hentry","category-alicante","tag-onil"],"aioseo_notices":[],"_links":{"self":[{"href":"https:\/\/www.lafresca.fm\/fresca-api-json\/wp\/v2\/posts\/15995","targetHints":{"allow":["GET"]}}],"collection":[{"href":"https:\/\/www.lafresca.fm\/fresca-api-json\/wp\/v2\/posts"}],"about":[{"href":"https:\/\/www.lafresca.fm\/fresca-api-json\/wp\/v2\/types\/post"}],"author":[{"embeddable":true,"href":"https:\/\/www.lafresca.fm\/fresca-api-json\/wp\/v2\/users\/2"}],"replies":[{"embeddable":true,"href":"https:\/\/www.lafresca.fm\/fresca-api-json\/wp\/v2\/comments?post=15995"}],"version-history":[{"count":1,"href":"https:\/\/www.lafresca.fm\/fresca-api-json\/wp\/v2\/posts\/15995\/revisions"}],"predecessor-version":[{"id":16004,"href":"https:\/\/www.lafresca.fm\/fresca-api-json\/wp\/v2\/posts\/15995\/revisions\/16004"}],"wp:featuredmedia":[{"embeddable":true,"href":"https:\/\/www.lafresca.fm\/fresca-api-json\/wp\/v2\/media\/15996"}],"wp:attachment":[{"href":"https:\/\/www.lafresca.fm\/fresca-api-json\/wp\/v2\/media?parent=15995"}],"wp:term":[{"taxonomy":"category","embeddable":true,"href":"https:\/\/www.lafresca.fm\/fresca-api-json\/wp\/v2\/categories?post=15995"},{"taxonomy":"post_tag","embeddable":true,"href":"https:\/\/www.lafresca.fm\/fresca-api-json\/wp\/v2\/tags?post=15995"}],"curies":[{"name":"wp","href":"https:\/\/api.w.org\/{rel}","templated":true}]}}