{"id":15997,"date":"2025-08-06T10:04:17","date_gmt":"2025-08-06T08:04:17","guid":{"rendered":"https:\/\/www.lafresca.fm\/?p=15997"},"modified":"2025-08-06T10:04:19","modified_gmt":"2025-08-06T08:04:19","slug":"actiu-colabora-en-un-aula-unica-en-espana-que-optimiza-concentracion-y-confort-en-la-upv","status":"publish","type":"post","link":"https:\/\/www.lafresca.fm\/actiu-colabora-en-un-aula-unica-en-espana-que-optimiza-concentracion-y-confort-en-la-upv\/","title":{"rendered":"ACTIU colabora en un aula \u00fanica en Espa\u00f1a que optimiza concentraci\u00f3n y confort en la UPV"},"content":{"rendered":"\n<p><a href=\"https:\/\/www.facebook.com\/sharer\/sharer.php?u=https%3A%2F%2Fwww.ibiae.com%2Fcontent%2Factiu-colabora-en-un-aula-unica-en-espana-que-optimiza-concentracion-y-confort-en-la-upv%2F\" target=\"_blank\" rel=\"noreferrer noopener\"><\/a><a href=\"https:\/\/twitter.com\/intent\/tweet?text=ACTIU%20colabora%20en%20un%20aula%20%C3%BAnica%20en%20Espa%C3%B1a%20que%20optimiza%20concentraci%C3%B3n%20y%20confort%20en%20la%20UPV&amp;url=https%3A%2F%2Fwww.ibiae.com%2Fcontent%2Factiu-colabora-en-un-aula-unica-en-espana-que-optimiza-concentracion-y-confort-en-la-upv%2F\" target=\"_blank\" rel=\"noreferrer noopener\"><\/a><a href=\"https:\/\/www.linkedin.com\/sharing\/share-offsite\/?url=https%3A%2F%2Fwww.ibiae.com%2Fcontent%2Factiu-colabora-en-un-aula-unica-en-espana-que-optimiza-concentracion-y-confort-en-la-upv%2F\" target=\"_blank\" rel=\"noreferrer noopener\"><\/a><a href=\"https:\/\/api.whatsapp.com\/send?text=ACTIU%20colabora%20en%20un%20aula%20%C3%BAnica%20en%20Espa%C3%B1a%20que%20optimiza%20concentraci%C3%B3n%20y%20confort%20en%20la%20UPV%20https%3A%2F%2Fwww.ibiae.com%2Fcontent%2Factiu-colabora-en-un-aula-unica-en-espana-que-optimiza-concentracion-y-confort-en-la-upv%2F\" target=\"_blank\" rel=\"noreferrer noopener\"><\/a>ACTIU ha colaborado recientemente en la presentaci\u00f3n del\u00a0<em>Espacio Piloto WELL UPV<\/em>, un aula pionera en el \u00e1mbito universitario espa\u00f1ol que optimiza el aprendizaje y potencia el rendimiento y el confort del estudiantado de la Universitat Polit\u00e8cnica de Val\u00e8ncia (UPV).<\/p>\n\n\n\n<p>Gracias a su dise\u00f1o y a los materiales empleados, este espacio contribuye a mejorar la concentraci\u00f3n y a reducir el estr\u00e9s, favoreciendo la atenci\u00f3n, la memoria y la creatividad del alumnado. El aula aplica criterios del sello WELL \u2014certificaci\u00f3n que acredita el nivel de bienestar en espacios interiores\u2014 junto a principios de neuroarquitectura experimental.<\/p>\n\n\n\n<p>El proyecto, ubicado en la Escuela T\u00e9cnica Superior de Ingenier\u00eda Agron\u00f3mica y del Medio Natural (ETSIAMN), ha sido impulsado por la UPV y liderado por el estudio CU4 ARQUITECTURA, en colaboraci\u00f3n con el Laboratorio de Neuroarquitectura de la UPV y la participaci\u00f3n de ACTIU como firma especializada en soluciones de mobiliario innovadoras.<\/p>\n\n\n\n<p><strong>SOBRE LA COMPA\u00d1\u00cdA<\/strong><br>Desde 1968, ACTIU dise\u00f1a y fabrica soluciones para proyectos tanto nacionales como internacionales, con referencias estandarizadas y espec\u00edficas seg\u00fan cada necesidad. Todos sus procesos son de producci\u00f3n propia, desde la mecanizaci\u00f3n de la madera, el metal o la matricer\u00eda hasta la aplicaci\u00f3n de acabados, cuidando al detalle cada mueble que sale de su planta productiva en Castalla, Alicante. Su apuesta por llevar el bienestar a los espacios de trabajo a trav\u00e9s del dise\u00f1o ergon\u00f3mico inteligente le vali\u00f3 en 2018 el Premio Nacional de Dise\u00f1o, el m\u00e1s prestigioso reconocimiento de su categor\u00eda en Espa\u00f1a.<\/p>\n\n\n\n<figure class=\"wp-block-image\"><img decoding=\"async\" src=\"https:\/\/www.ibiae.com\/wp-content\/uploads\/2025\/07\/ASAMBLEA-GENERAL-6.png\" alt=\"\" class=\"wp-image-31794\"\/><\/figure>\n\n\n\n<figure class=\"wp-block-image\"><img decoding=\"async\" src=\"https:\/\/www.ibiae.com\/wp-content\/uploads\/2025\/07\/1750167420432-1024x576.jpg\" alt=\"\" class=\"wp-image-31795\"\/><\/figure>\n\n\n\n<figure class=\"wp-block-image\"><img decoding=\"async\" src=\"https:\/\/www.ibiae.com\/wp-content\/uploads\/2025\/07\/1750167451581-1024x683.jpg\" alt=\"\" class=\"wp-image-31797\"\/><\/figure>\n\n\n\n<figure class=\"wp-block-image\"><img decoding=\"async\" src=\"https:\/\/www.ibiae.com\/wp-content\/uploads\/2025\/07\/1750167419997-1024x576.jpg\" alt=\"\" class=\"wp-image-31798\"\/><\/figure>\n<script>function PlayerjsAsync(){} if(window[\"Playerjs\"]){PlayerjsAsync();}<\/script>","protected":false},"excerpt":{"rendered":"<p>ACTIU ha colaborado recientemente en la presentaci\u00f3n del\u00a0Espacio Piloto WELL UPV, un aula pionera en el \u00e1mbito universitario espa\u00f1ol que optimiza el aprendizaje y potencia el rendimiento y el confort del estudiantado de la Universitat Polit\u00e8cnica de Val\u00e8ncia (UPV). Gracias a su dise\u00f1o y a los materiales empleados, este espacio ...<\/p>\n","protected":false},"author":2,"featured_media":15998,"comment_status":"closed","ping_status":"closed","sticky":false,"template":"","format":"standard","meta":{"_monsterinsights_skip_tracking":false,"_monsterinsights_sitenote_active":false,"_monsterinsights_sitenote_note":"","_monsterinsights_sitenote_category":0,"footnotes":""},"categories":[4],"tags":[156],"class_list":["post-15997","post","type-post","status-publish","format-standard","has-post-thumbnail","hentry","category-alicante","tag-actiu"],"aioseo_notices":[],"_links":{"self":[{"href":"https:\/\/www.lafresca.fm\/fresca-api-json\/wp\/v2\/posts\/15997","targetHints":{"allow":["GET"]}}],"collection":[{"href":"https:\/\/www.lafresca.fm\/fresca-api-json\/wp\/v2\/posts"}],"about":[{"href":"https:\/\/www.lafresca.fm\/fresca-api-json\/wp\/v2\/types\/post"}],"author":[{"embeddable":true,"href":"https:\/\/www.lafresca.fm\/fresca-api-json\/wp\/v2\/users\/2"}],"replies":[{"embeddable":true,"href":"https:\/\/www.lafresca.fm\/fresca-api-json\/wp\/v2\/comments?post=15997"}],"version-history":[{"count":1,"href":"https:\/\/www.lafresca.fm\/fresca-api-json\/wp\/v2\/posts\/15997\/revisions"}],"predecessor-version":[{"id":15999,"href":"https:\/\/www.lafresca.fm\/fresca-api-json\/wp\/v2\/posts\/15997\/revisions\/15999"}],"wp:featuredmedia":[{"embeddable":true,"href":"https:\/\/www.lafresca.fm\/fresca-api-json\/wp\/v2\/media\/15998"}],"wp:attachment":[{"href":"https:\/\/www.lafresca.fm\/fresca-api-json\/wp\/v2\/media?parent=15997"}],"wp:term":[{"taxonomy":"category","embeddable":true,"href":"https:\/\/www.lafresca.fm\/fresca-api-json\/wp\/v2\/categories?post=15997"},{"taxonomy":"post_tag","embeddable":true,"href":"https:\/\/www.lafresca.fm\/fresca-api-json\/wp\/v2\/tags?post=15997"}],"curies":[{"name":"wp","href":"https:\/\/api.w.org\/{rel}","templated":true}]}}