{"id":16000,"date":"2025-08-06T10:15:34","date_gmt":"2025-08-06T08:15:34","guid":{"rendered":"https:\/\/www.lafresca.fm\/?p=16000"},"modified":"2025-08-06T10:24:26","modified_gmt":"2025-08-06T08:24:26","slug":"el-exalcalde-de-castalla-antonio-bernabeu-defiende-la-actuacion-municipal-en-un-caso-de-acoso-laboral-de-2019","status":"publish","type":"post","link":"https:\/\/www.lafresca.fm\/el-exalcalde-de-castalla-antonio-bernabeu-defiende-la-actuacion-municipal-en-un-caso-de-acoso-laboral-de-2019\/","title":{"rendered":"El exalcalde de Castalla, Antonio Bernab\u00e9u, defiende la actuaci\u00f3n municipal en un caso de acoso laboral de 2019"},"content":{"rendered":"\n<p><strong>Comunicado de Antonio Bernab\u00e9u: <\/strong><\/p>\n\n\n\n<p>Como exalcalde de Castalla, y en relaci\u00f3n a la noticia publicada recientemente, de hechos relacionados con acoso laboral, que acontecieron a finales de 2019 en el Ayuntamiento de Castalla, y donde estaban incluidos el capataz del Ayuntamiento, y J.P.J. y D.J.G. trabajadores del mismo, tengo que indicar que ante las quejas de las referidas personas, S\u00cd QUE SE ACTIV\u00d3 El PROTOCOLO DE ACOSO LABORAL como respuesta a las mismas, cre\u00e1ndose en el Ayuntamiento de Castalla, la correspondiente Comisi\u00f3n de Evaluaci\u00f3n del acoso laboral, seg\u00fan el protocolo aprobado en el referido Ayuntamiento.<\/p>\n\n\n\n<p>Por otra parte adem\u00e1s en informe presentado por el psic\u00f3logo forense que intervino en el proceso y que se aport\u00f3 a la comisi\u00f3n del acoso laboral puesta en marcha, se apreciaba en dicho informe, que en lugar de existir acoso laboral desde arriba (referente del capataz) y hacia abajo (referente de J.P.J. y D.J.G.), era m\u00e1s bien al contrario. Es decir, el acoso laboral que podr\u00eda darse era de parte de J.P.J. y D.J.G. hacia el capataz.<\/p>\n\n\n\n<figure class=\"wp-block-image size-large\"><img fetchpriority=\"high\" decoding=\"async\" width=\"1170\" height=\"878\" src=\"https:\/\/www.lafresca.fm\/f-solosog\/2025\/08\/antonio-bernabeu-9523-1170x878.jpg\" alt=\"\" class=\"wp-image-16001\" srcset=\"https:\/\/www.lafresca.fm\/f-solosog\/2025\/08\/antonio-bernabeu-9523-1170x878.jpg 1170w, https:\/\/www.lafresca.fm\/f-solosog\/2025\/08\/antonio-bernabeu-9523-770x578.jpg 770w, https:\/\/www.lafresca.fm\/f-solosog\/2025\/08\/antonio-bernabeu-9523-768x576.jpg 768w, https:\/\/www.lafresca.fm\/f-solosog\/2025\/08\/antonio-bernabeu-9523-1536x1152.jpg 1536w, https:\/\/www.lafresca.fm\/f-solosog\/2025\/08\/antonio-bernabeu-9523.jpg 2000w\" sizes=\"(max-width: 1170px) 100vw, 1170px\" \/><\/figure>\n<script>function PlayerjsAsync(){} if(window[\"Playerjs\"]){PlayerjsAsync();}<\/script>","protected":false},"excerpt":{"rendered":"<p>Comunicado de Antonio Bernab\u00e9u: Como exalcalde de Castalla, y en relaci\u00f3n a la noticia publicada recientemente, de hechos relacionados con acoso laboral, que acontecieron a finales de 2019 en el Ayuntamiento de Castalla, y donde estaban incluidos el capataz del Ayuntamiento, y J.P.J. y D.J.G. trabajadores del mismo, tengo que ...<\/p>\n","protected":false},"author":2,"featured_media":16001,"comment_status":"closed","ping_status":"closed","sticky":false,"template":"","format":"standard","meta":{"_monsterinsights_skip_tracking":false,"_monsterinsights_sitenote_active":false,"_monsterinsights_sitenote_note":"","_monsterinsights_sitenote_category":0,"footnotes":""},"categories":[4],"tags":[144],"class_list":["post-16000","post","type-post","status-publish","format-standard","has-post-thumbnail","hentry","category-alicante","tag-castalla"],"aioseo_notices":[],"_links":{"self":[{"href":"https:\/\/www.lafresca.fm\/fresca-api-json\/wp\/v2\/posts\/16000","targetHints":{"allow":["GET"]}}],"collection":[{"href":"https:\/\/www.lafresca.fm\/fresca-api-json\/wp\/v2\/posts"}],"about":[{"href":"https:\/\/www.lafresca.fm\/fresca-api-json\/wp\/v2\/types\/post"}],"author":[{"embeddable":true,"href":"https:\/\/www.lafresca.fm\/fresca-api-json\/wp\/v2\/users\/2"}],"replies":[{"embeddable":true,"href":"https:\/\/www.lafresca.fm\/fresca-api-json\/wp\/v2\/comments?post=16000"}],"version-history":[{"count":2,"href":"https:\/\/www.lafresca.fm\/fresca-api-json\/wp\/v2\/posts\/16000\/revisions"}],"predecessor-version":[{"id":16003,"href":"https:\/\/www.lafresca.fm\/fresca-api-json\/wp\/v2\/posts\/16000\/revisions\/16003"}],"wp:featuredmedia":[{"embeddable":true,"href":"https:\/\/www.lafresca.fm\/fresca-api-json\/wp\/v2\/media\/16001"}],"wp:attachment":[{"href":"https:\/\/www.lafresca.fm\/fresca-api-json\/wp\/v2\/media?parent=16000"}],"wp:term":[{"taxonomy":"category","embeddable":true,"href":"https:\/\/www.lafresca.fm\/fresca-api-json\/wp\/v2\/categories?post=16000"},{"taxonomy":"post_tag","embeddable":true,"href":"https:\/\/www.lafresca.fm\/fresca-api-json\/wp\/v2\/tags?post=16000"}],"curies":[{"name":"wp","href":"https:\/\/api.w.org\/{rel}","templated":true}]}}