{"id":16005,"date":"2025-08-07T09:40:25","date_gmt":"2025-08-07T07:40:25","guid":{"rendered":"https:\/\/www.lafresca.fm\/?p=16005"},"modified":"2025-08-07T09:40:27","modified_gmt":"2025-08-07T07:40:27","slug":"el-consell-da-luz-verde-a-una-nueva-planta-solar-en-onil-promovida-por-una-filial-de-helios-green-energy","status":"publish","type":"post","link":"https:\/\/www.lafresca.fm\/el-consell-da-luz-verde-a-una-nueva-planta-solar-en-onil-promovida-por-una-filial-de-helios-green-energy\/","title":{"rendered":"El Consell da Luz verde a una nueva planta solar en Onil promovida por una filial de Helios Green Energy"},"content":{"rendered":"\n<ul class=\"wp-block-list\">\n<li><strong>La instalaci\u00f3n, de 3,29 MW y una inversi\u00f3n de 1,2 millones, contempla medidas de restauraci\u00f3n e integraci\u00f3n paisaj\u00edstica<\/strong><\/li>\n<\/ul>\n\n\n\n<p>La Conselleria de Innovaci\u00f3n, Industria, Comercio y Turismo, a trav\u00e9s del Servicio Territorial de Industria, Energ\u00eda y Minas de Alicante, ha aprobado la instalaci\u00f3n de una nueva planta fotovoltaica en el t\u00e9rmino municipal de Onil. El proyecto, denominado <em>PFV Onil-Alicante<\/em>, est\u00e1 promovido por Epower Solar Renewable SL, filial de la empresa zaragozana Helios Green Energy SL.<\/p>\n\n\n\n<p>Con una potencia instalada de 3,29 megavatios (MW) y una inversi\u00f3n estimada de 1,2 millones de euros, la planta ha obtenido la autorizaci\u00f3n administrativa previa, as\u00ed como la autorizaci\u00f3n de construcci\u00f3n y la aprobaci\u00f3n del plan de desmantelamiento y restauraci\u00f3n del entorno.<\/p>\n\n\n\n<p>El proyecto contempla la ocupaci\u00f3n de 2,3 hect\u00e1reas distribuidas en dos parcelas dentro de un mismo recinto. En ellas se instalar\u00e1n 3.504 paneles solares sobre estructuras hincadas al terreno. La energ\u00eda generada se evacuar\u00e1 a la red el\u00e9ctrica mediante un centro de seccionamiento y un tramo de l\u00ednea subterr\u00e1nea de alta tensi\u00f3n. Esta se conectar\u00e1 con la l\u00ednea a\u00e9rea &#8216;Castex&#8217; de la subestaci\u00f3n Bast\u00e1 132\/20 kV en Castalla, infraestructura declarada de utilidad p\u00fablica.<\/p>\n\n\n\n<p>La iniciativa ha superado todos los tr\u00e1mites t\u00e9cnicos necesarios y no ha requerido evaluaci\u00f3n de impacto ambiental, al tratarse de una instalaci\u00f3n de tama\u00f1o reducido y situada en suelos agr\u00edcolas considerados \u201caparentemente abandonados\u201d. En este sentido, el informe se\u00f1ala que el \u00e1rea no cuenta con recursos paisaj\u00edsticos de valor relevante en sus inmediaciones.<\/p>\n\n\n\n<p>Como medida de integraci\u00f3n ambiental, la promotora ha incluido en el plan de restauraci\u00f3n la plantaci\u00f3n de olivos en toda la parcela circundante, replicando la morfolog\u00eda y patr\u00f3n original del terreno. Con ello, se busca una transici\u00f3n paisaj\u00edstica arm\u00f3nica entre la infraestructura energ\u00e9tica y el entorno rural colindante.<\/p>\n<script>function PlayerjsAsync(){} if(window[\"Playerjs\"]){PlayerjsAsync();}<\/script>","protected":false},"excerpt":{"rendered":"<p>La Conselleria de Innovaci\u00f3n, Industria, Comercio y Turismo, a trav\u00e9s del Servicio Territorial de Industria, Energ\u00eda y Minas de Alicante, ha aprobado la instalaci\u00f3n de una nueva planta fotovoltaica en el t\u00e9rmino municipal de Onil. El proyecto, denominado PFV Onil-Alicante, est\u00e1 promovido por Epower Solar Renewable SL, filial de la ...<\/p>\n","protected":false},"author":2,"featured_media":16006,"comment_status":"closed","ping_status":"closed","sticky":false,"template":"","format":"standard","meta":{"_monsterinsights_skip_tracking":false,"_monsterinsights_sitenote_active":false,"_monsterinsights_sitenote_note":"","_monsterinsights_sitenote_category":0,"footnotes":""},"categories":[4],"tags":[133],"class_list":["post-16005","post","type-post","status-publish","format-standard","has-post-thumbnail","hentry","category-alicante","tag-onil"],"aioseo_notices":[],"_links":{"self":[{"href":"https:\/\/www.lafresca.fm\/fresca-api-json\/wp\/v2\/posts\/16005","targetHints":{"allow":["GET"]}}],"collection":[{"href":"https:\/\/www.lafresca.fm\/fresca-api-json\/wp\/v2\/posts"}],"about":[{"href":"https:\/\/www.lafresca.fm\/fresca-api-json\/wp\/v2\/types\/post"}],"author":[{"embeddable":true,"href":"https:\/\/www.lafresca.fm\/fresca-api-json\/wp\/v2\/users\/2"}],"replies":[{"embeddable":true,"href":"https:\/\/www.lafresca.fm\/fresca-api-json\/wp\/v2\/comments?post=16005"}],"version-history":[{"count":1,"href":"https:\/\/www.lafresca.fm\/fresca-api-json\/wp\/v2\/posts\/16005\/revisions"}],"predecessor-version":[{"id":16007,"href":"https:\/\/www.lafresca.fm\/fresca-api-json\/wp\/v2\/posts\/16005\/revisions\/16007"}],"wp:featuredmedia":[{"embeddable":true,"href":"https:\/\/www.lafresca.fm\/fresca-api-json\/wp\/v2\/media\/16006"}],"wp:attachment":[{"href":"https:\/\/www.lafresca.fm\/fresca-api-json\/wp\/v2\/media?parent=16005"}],"wp:term":[{"taxonomy":"category","embeddable":true,"href":"https:\/\/www.lafresca.fm\/fresca-api-json\/wp\/v2\/categories?post=16005"},{"taxonomy":"post_tag","embeddable":true,"href":"https:\/\/www.lafresca.fm\/fresca-api-json\/wp\/v2\/tags?post=16005"}],"curies":[{"name":"wp","href":"https:\/\/api.w.org\/{rel}","templated":true}]}}