{"id":16008,"date":"2025-08-07T10:24:30","date_gmt":"2025-08-07T08:24:30","guid":{"rendered":"https:\/\/www.lafresca.fm\/?p=16008"},"modified":"2025-08-07T10:24:32","modified_gmt":"2025-08-07T08:24:32","slug":"nuevo-parking-junto-al-ecoparque-de-onil-mas-facilidades-para-los-trabajadores-del-poligono","status":"publish","type":"post","link":"https:\/\/www.lafresca.fm\/nuevo-parking-junto-al-ecoparque-de-onil-mas-facilidades-para-los-trabajadores-del-poligono\/","title":{"rendered":"Nuevo parking junto al Ecoparque de Onil: m\u00e1s facilidades para los trabajadores del pol\u00edgono"},"content":{"rendered":"\n<p>El ayuntamiento de Onil ha habilitado un nuevo aparcamiento en la Avenida de la Mu\u00f1eca, situado estrat\u00e9gicamente junto al Ecoparque y pr\u00f3ximo al camino que conduce al antiguo dep\u00f3sito en el pol\u00edgono de LosVas\u00e1los. Esta nueva infraestructura tiene como objetivo principal facilitar el estacionamiento a las personas que trabajan en el pol\u00edgono industrial y contribuir a descongestionar las zonas con mayor carga de tr\u00e1fico.<\/p>\n\n\n\n<figure class=\"wp-block-image size-large\"><img fetchpriority=\"high\" decoding=\"async\" width=\"1170\" height=\"1170\" src=\"https:\/\/www.lafresca.fm\/f-solosog\/2025\/08\/vasalos--1170x1170.jpeg\" alt=\"\" class=\"wp-image-16009\" srcset=\"https:\/\/www.lafresca.fm\/f-solosog\/2025\/08\/vasalos--1170x1170.jpeg 1170w, https:\/\/www.lafresca.fm\/f-solosog\/2025\/08\/vasalos--770x770.jpeg 770w, https:\/\/www.lafresca.fm\/f-solosog\/2025\/08\/vasalos--150x150.jpeg 150w, https:\/\/www.lafresca.fm\/f-solosog\/2025\/08\/vasalos--768x768.jpeg 768w, https:\/\/www.lafresca.fm\/f-solosog\/2025\/08\/vasalos--100x100.jpeg 100w, https:\/\/www.lafresca.fm\/f-solosog\/2025\/08\/vasalos--370x370.jpeg 370w, https:\/\/www.lafresca.fm\/f-solosog\/2025\/08\/vasalos-.jpeg 1500w\" sizes=\"(max-width: 1170px) 100vw, 1170px\" \/><\/figure>\n<script>function PlayerjsAsync(){} if(window[\"Playerjs\"]){PlayerjsAsync();}<\/script>","protected":false},"excerpt":{"rendered":"<p>El ayuntamiento de Onil ha habilitado un nuevo aparcamiento en la Avenida de la Mu\u00f1eca, situado estrat\u00e9gicamente junto al Ecoparque y pr\u00f3ximo al camino que conduce al antiguo dep\u00f3sito en el pol\u00edgono de LosVas\u00e1los. Esta nueva infraestructura tiene como objetivo principal facilitar el estacionamiento a las personas que trabajan en ...<\/p>\n","protected":false},"author":2,"featured_media":16009,"comment_status":"closed","ping_status":"closed","sticky":false,"template":"","format":"standard","meta":{"_monsterinsights_skip_tracking":false,"_monsterinsights_sitenote_active":false,"_monsterinsights_sitenote_note":"","_monsterinsights_sitenote_category":0,"footnotes":""},"categories":[4],"tags":[133],"class_list":["post-16008","post","type-post","status-publish","format-standard","has-post-thumbnail","hentry","category-alicante","tag-onil"],"aioseo_notices":[],"_links":{"self":[{"href":"https:\/\/www.lafresca.fm\/fresca-api-json\/wp\/v2\/posts\/16008","targetHints":{"allow":["GET"]}}],"collection":[{"href":"https:\/\/www.lafresca.fm\/fresca-api-json\/wp\/v2\/posts"}],"about":[{"href":"https:\/\/www.lafresca.fm\/fresca-api-json\/wp\/v2\/types\/post"}],"author":[{"embeddable":true,"href":"https:\/\/www.lafresca.fm\/fresca-api-json\/wp\/v2\/users\/2"}],"replies":[{"embeddable":true,"href":"https:\/\/www.lafresca.fm\/fresca-api-json\/wp\/v2\/comments?post=16008"}],"version-history":[{"count":1,"href":"https:\/\/www.lafresca.fm\/fresca-api-json\/wp\/v2\/posts\/16008\/revisions"}],"predecessor-version":[{"id":16010,"href":"https:\/\/www.lafresca.fm\/fresca-api-json\/wp\/v2\/posts\/16008\/revisions\/16010"}],"wp:featuredmedia":[{"embeddable":true,"href":"https:\/\/www.lafresca.fm\/fresca-api-json\/wp\/v2\/media\/16009"}],"wp:attachment":[{"href":"https:\/\/www.lafresca.fm\/fresca-api-json\/wp\/v2\/media?parent=16008"}],"wp:term":[{"taxonomy":"category","embeddable":true,"href":"https:\/\/www.lafresca.fm\/fresca-api-json\/wp\/v2\/categories?post=16008"},{"taxonomy":"post_tag","embeddable":true,"href":"https:\/\/www.lafresca.fm\/fresca-api-json\/wp\/v2\/tags?post=16008"}],"curies":[{"name":"wp","href":"https:\/\/api.w.org\/{rel}","templated":true}]}}