{"id":16011,"date":"2025-08-08T09:27:25","date_gmt":"2025-08-08T07:27:25","guid":{"rendered":"https:\/\/www.lafresca.fm\/?p=16011"},"modified":"2025-08-08T09:27:28","modified_gmt":"2025-08-08T07:27:28","slug":"onil-cuenta-con-una-nueva-vivienda-tutelada-para-jovenes-con-autismo","status":"publish","type":"post","link":"https:\/\/www.lafresca.fm\/onil-cuenta-con-una-nueva-vivienda-tutelada-para-jovenes-con-autismo\/","title":{"rendered":"Onil cuenta con una nueva vivienda tutelada para j\u00f3venes con autismo"},"content":{"rendered":"\n<p>La <a><\/a>localidad de Onil dispone de una nueva vivienda tutelada para j\u00f3venes con Trastorno del Espectro Autista (TEA), que ya se encuentra plenamente operativa y acogiendo a sus primeros usuarios. Se trata de un recurso residencial especializado impulsado por la Generalitat Valenciana, que garantiza una atenci\u00f3n centrada en la persona, con apoyos personalizados y profesionales cualificados.<\/p>\n\n\n\n<p>La directora general de las Personas con Discapacidad, B\u00e1rbara Congost, ha visitado hoy las instalaciones de esta nueva vivienda, gestionada por la entidad DOMUS, Cuidado al Dependiente y Atenci\u00f3n al Menor, acompa\u00f1ada por el Alcalde de Onil, Jaume Berenguer Pastor, y la Concejal de Servicios Sociales e Igualdad, Rosana Silvestre Mira.<\/p>\n\n\n\n<figure class=\"wp-block-image size-large\"><img fetchpriority=\"high\" decoding=\"async\" width=\"1170\" height=\"878\" src=\"https:\/\/www.lafresca.fm\/f-solosog\/2025\/08\/tea-1170x878.jpg\" alt=\"\" class=\"wp-image-16012\" srcset=\"https:\/\/www.lafresca.fm\/f-solosog\/2025\/08\/tea-1170x878.jpg 1170w, https:\/\/www.lafresca.fm\/f-solosog\/2025\/08\/tea-770x578.jpg 770w, https:\/\/www.lafresca.fm\/f-solosog\/2025\/08\/tea-768x576.jpg 768w, https:\/\/www.lafresca.fm\/f-solosog\/2025\/08\/tea-1536x1152.jpg 1536w, https:\/\/www.lafresca.fm\/f-solosog\/2025\/08\/tea.jpg 1600w\" sizes=\"(max-width: 1170px) 100vw, 1170px\" \/><\/figure>\n\n\n\n<p>Durante la visita, Congost ha destacado que este recurso supone \u201cun paso adelante en el modelo de atenci\u00f3n que defiende el Consell, basado en la profesionalidad, calidad humana y compromiso con cada usuario y su familia\u201d.<\/p>\n\n\n\n<p>La vivienda tutelada sustituye a un centro anterior cuya autorizaci\u00f3n fue revocada por la Generalitat tras constatarse graves incumplimientos en la atenci\u00f3n a las personas usuarias. En este nuevo entorno, los j\u00f3venes ya se encuentran plenamente adaptados, y tanto sus familias como los equipos t\u00e9cnicos destacan una notable mejora en su calidad de vida.<\/p>\n\n\n\n<p>\u201cEl bienestar y los derechos de las personas con discapacidad, especialmente cuando hablamos de j\u00f3venes con autismo, son una prioridad absoluta para esta administraci\u00f3n\u201d, ha subrayado la directora general.<\/p>\n\n\n\n<p>Por su parte, el alcalde de Onil, Jaume Berenguer, ha agradecido la implicaci\u00f3n de la Generalitat y de la entidad gestora, destacando que \u201cesta vivienda tutelada es una oportunidad real para que estos j\u00f3venes vivan en un entorno adaptado, seguro y respetuoso con sus necesidades, lo que tambi\u00e9n refuerza el compromiso de Onil con la inclusi\u00f3n social\u201d.<\/p>\n\n\n\n<p>La concejal Rosana Silvestre ha a\u00f1adido que \u201cdesde los servicios sociales municipales seguiremos colaborando estrechamente para asegurar que este proyecto sea un referente en atenci\u00f3n especializada y trato digno\u201d.<\/p>\n\n\n\n<p>La vivienda tiene capacidad para 7 personas, cumple con todos los est\u00e1ndares de seguridad, calidad y normativa vigente, y representa un nuevo modelo de atenci\u00f3n en la Comunidad Valenciana, basado en el acompa\u00f1amiento individualizado y la convivencia inclusiva.<\/p>\n<script>function PlayerjsAsync(){} if(window[\"Playerjs\"]){PlayerjsAsync();}<\/script>","protected":false},"excerpt":{"rendered":"<p>La localidad de Onil dispone de una nueva vivienda tutelada para j\u00f3venes con Trastorno del Espectro Autista (TEA), que ya se encuentra plenamente operativa y acogiendo a sus primeros usuarios. Se trata de un recurso residencial especializado impulsado por la Generalitat Valenciana, que garantiza una atenci\u00f3n centrada en la persona, ...<\/p>\n","protected":false},"author":2,"featured_media":16012,"comment_status":"closed","ping_status":"closed","sticky":false,"template":"","format":"standard","meta":{"_monsterinsights_skip_tracking":false,"_monsterinsights_sitenote_active":false,"_monsterinsights_sitenote_note":"","_monsterinsights_sitenote_category":0,"footnotes":""},"categories":[4],"tags":[],"class_list":["post-16011","post","type-post","status-publish","format-standard","has-post-thumbnail","hentry","category-alicante"],"aioseo_notices":[],"_links":{"self":[{"href":"https:\/\/www.lafresca.fm\/fresca-api-json\/wp\/v2\/posts\/16011","targetHints":{"allow":["GET"]}}],"collection":[{"href":"https:\/\/www.lafresca.fm\/fresca-api-json\/wp\/v2\/posts"}],"about":[{"href":"https:\/\/www.lafresca.fm\/fresca-api-json\/wp\/v2\/types\/post"}],"author":[{"embeddable":true,"href":"https:\/\/www.lafresca.fm\/fresca-api-json\/wp\/v2\/users\/2"}],"replies":[{"embeddable":true,"href":"https:\/\/www.lafresca.fm\/fresca-api-json\/wp\/v2\/comments?post=16011"}],"version-history":[{"count":1,"href":"https:\/\/www.lafresca.fm\/fresca-api-json\/wp\/v2\/posts\/16011\/revisions"}],"predecessor-version":[{"id":16013,"href":"https:\/\/www.lafresca.fm\/fresca-api-json\/wp\/v2\/posts\/16011\/revisions\/16013"}],"wp:featuredmedia":[{"embeddable":true,"href":"https:\/\/www.lafresca.fm\/fresca-api-json\/wp\/v2\/media\/16012"}],"wp:attachment":[{"href":"https:\/\/www.lafresca.fm\/fresca-api-json\/wp\/v2\/media?parent=16011"}],"wp:term":[{"taxonomy":"category","embeddable":true,"href":"https:\/\/www.lafresca.fm\/fresca-api-json\/wp\/v2\/categories?post=16011"},{"taxonomy":"post_tag","embeddable":true,"href":"https:\/\/www.lafresca.fm\/fresca-api-json\/wp\/v2\/tags?post=16011"}],"curies":[{"name":"wp","href":"https:\/\/api.w.org\/{rel}","templated":true}]}}