{"id":16014,"date":"2025-08-08T09:35:53","date_gmt":"2025-08-08T07:35:53","guid":{"rendered":"https:\/\/www.lafresca.fm\/?p=16014"},"modified":"2025-08-08T09:35:55","modified_gmt":"2025-08-08T07:35:55","slug":"detenido-en-tibi-el-responsable-de-una-empresa-acusada-de-estafar-con-la-venta-de-furgonetas-camper","status":"publish","type":"post","link":"https:\/\/www.lafresca.fm\/detenido-en-tibi-el-responsable-de-una-empresa-acusada-de-estafar-con-la-venta-de-furgonetas-camper\/","title":{"rendered":"Detenido en Tibi el responsable de una empresa acusada de estafar con la venta de furgonetas c\u00e1mper"},"content":{"rendered":"\n<ul class=\"wp-block-list\">\n<li><strong>La Guardia Civil ha confirmado al menos diez v\u00edctimas por todo el pa\u00eds y no descarta que haya m\u00e1s afectados<\/strong><\/li>\n<\/ul>\n\n\n\n<p>Agentes de la Guardia Civil han detenido en Tibi al propietario de una empresa dedicada a la supuesta venta y transformaci\u00f3n de furgonetas c\u00e1mper, acusado de una estafa que afecta, por el momento, a una decena de personas repartidas por todo el territorio nacional.<\/p>\n\n\n\n<p>El arrestado, un espa\u00f1ol de 46 a\u00f1os, ofrec\u00eda veh\u00edculos de gran tama\u00f1o a trav\u00e9s de una plataforma de compraventa en l\u00ednea, prometiendo su camperizaci\u00f3n completa por un precio medio de 20.000 euros. Sin embargo, las v\u00edctimas nunca llegaron a recibir el producto acordado, a pesar de haber abonado importantes cantidades por adelantado, en algunos casos m\u00e1s de la mitad del coste total.<\/p>\n\n\n\n<figure class=\"wp-block-image size-large\"><img fetchpriority=\"high\" decoding=\"async\" width=\"1170\" height=\"658\" src=\"https:\/\/www.lafresca.fm\/f-solosog\/2025\/08\/gc-1170x658.webp\" alt=\"\" class=\"wp-image-16015\" srcset=\"https:\/\/www.lafresca.fm\/f-solosog\/2025\/08\/gc-1170x658.webp 1170w, https:\/\/www.lafresca.fm\/f-solosog\/2025\/08\/gc-770x433.webp 770w, https:\/\/www.lafresca.fm\/f-solosog\/2025\/08\/gc-768x432.webp 768w, https:\/\/www.lafresca.fm\/f-solosog\/2025\/08\/gc-1536x864.webp 1536w, https:\/\/www.lafresca.fm\/f-solosog\/2025\/08\/gc.webp 1706w\" sizes=\"(max-width: 1170px) 100vw, 1170px\" \/><\/figure>\n\n\n\n<p>La investigaci\u00f3n se inici\u00f3 el pasado 16 de junio tras la denuncia de una mujer en Ibi, quien reconoci\u00f3 a la empresa implicada en un reportaje emitido por televisi\u00f3n sobre estafas relacionadas con la venta de veh\u00edculos c\u00e1mper. La denunciante relat\u00f3 haber pagado 11.000 euros por adelantado en septiembre de 2024 por una furgoneta que deb\u00eda entregarse en noviembre del mismo a\u00f1o. Nueve meses despu\u00e9s, segu\u00eda sin recibir el veh\u00edculo ni una respuesta satisfactoria por parte del vendedor.<\/p>\n\n\n\n<p>El \u00c1rea de Investigaci\u00f3n de la Guardia Civil de Ibi localiz\u00f3 un taller vinculado con el sospechoso, donde se hallaron ocho furgonetas importadas desde Alemania, a\u00fan a nombre de sus anteriores propietarios y sin ninguna modificaci\u00f3n para uso como vivienda m\u00f3vil. En algunos casos, se descubri\u00f3 que un mismo veh\u00edculo hab\u00eda sido \u201cvendido\u201d simult\u00e1neamente a varios clientes.<\/p>\n\n\n\n<p>Adem\u00e1s de la denunciante inicial, se han identificado m\u00e1s v\u00edctimas en provincias como Granada, Baleares, Navarra y Sevilla, todas mediante el mismo modus operandi: contratos incompletos, sin fechas ni firmas, pagos a cuentas bancarias ajenas al acusado y falta total de cumplimiento.<\/p>\n\n\n\n<p>Tras un mes de investigaci\u00f3n, y con varias \u00f3rdenes de b\u00fasqueda activas en su contra por hechos similares en Ayamonte (Huelva) y Granollers (Barcelona), el individuo fue finalmente detenido el pasado 16 de julio. El Juzgado de Primera Instancia e Instrucci\u00f3n n\u00famero 2 de Ibi ha decretado su puesta en libertad con medidas cautelares mientras contin\u00faa el proceso judicial.<\/p>\n\n\n\n<p>Este caso se suma a otros hechos delictivos recientes en la provincia, como la detenci\u00f3n de siete peligrosos ladrones relacionados con robos a punta de pistola de relojes de lujo en Alicante, lo que ha generado una creciente preocupaci\u00f3n por la seguridad y el fraude en la zona.<\/p>\n<script>function PlayerjsAsync(){} if(window[\"Playerjs\"]){PlayerjsAsync();}<\/script>","protected":false},"excerpt":{"rendered":"<p>Agentes de la Guardia Civil han detenido en Tibi al propietario de una empresa dedicada a la supuesta venta y transformaci\u00f3n de furgonetas c\u00e1mper, acusado de una estafa que afecta, por el momento, a una decena de personas repartidas por todo el territorio nacional. El arrestado, un espa\u00f1ol de 46 ...<\/p>\n","protected":false},"author":2,"featured_media":16015,"comment_status":"closed","ping_status":"closed","sticky":false,"template":"","format":"standard","meta":{"_monsterinsights_skip_tracking":false,"_monsterinsights_sitenote_active":false,"_monsterinsights_sitenote_note":"","_monsterinsights_sitenote_category":0,"footnotes":""},"categories":[4],"tags":[128,170],"class_list":["post-16014","post","type-post","status-publish","format-standard","has-post-thumbnail","hentry","category-alicante","tag-ibi","tag-tibi"],"aioseo_notices":[],"_links":{"self":[{"href":"https:\/\/www.lafresca.fm\/fresca-api-json\/wp\/v2\/posts\/16014","targetHints":{"allow":["GET"]}}],"collection":[{"href":"https:\/\/www.lafresca.fm\/fresca-api-json\/wp\/v2\/posts"}],"about":[{"href":"https:\/\/www.lafresca.fm\/fresca-api-json\/wp\/v2\/types\/post"}],"author":[{"embeddable":true,"href":"https:\/\/www.lafresca.fm\/fresca-api-json\/wp\/v2\/users\/2"}],"replies":[{"embeddable":true,"href":"https:\/\/www.lafresca.fm\/fresca-api-json\/wp\/v2\/comments?post=16014"}],"version-history":[{"count":1,"href":"https:\/\/www.lafresca.fm\/fresca-api-json\/wp\/v2\/posts\/16014\/revisions"}],"predecessor-version":[{"id":16016,"href":"https:\/\/www.lafresca.fm\/fresca-api-json\/wp\/v2\/posts\/16014\/revisions\/16016"}],"wp:featuredmedia":[{"embeddable":true,"href":"https:\/\/www.lafresca.fm\/fresca-api-json\/wp\/v2\/media\/16015"}],"wp:attachment":[{"href":"https:\/\/www.lafresca.fm\/fresca-api-json\/wp\/v2\/media?parent=16014"}],"wp:term":[{"taxonomy":"category","embeddable":true,"href":"https:\/\/www.lafresca.fm\/fresca-api-json\/wp\/v2\/categories?post=16014"},{"taxonomy":"post_tag","embeddable":true,"href":"https:\/\/www.lafresca.fm\/fresca-api-json\/wp\/v2\/tags?post=16014"}],"curies":[{"name":"wp","href":"https:\/\/api.w.org\/{rel}","templated":true}]}}