{"id":16017,"date":"2025-08-08T09:49:29","date_gmt":"2025-08-08T07:49:29","guid":{"rendered":"https:\/\/www.lafresca.fm\/?p=16017"},"modified":"2025-08-08T09:49:30","modified_gmt":"2025-08-08T07:49:30","slug":"castalla-presenta-la-nueva-agrupacion-local-de-proteccion-civil-que-iniciara-su-servicio-para-las-fiestas-de-vaca","status":"publish","type":"post","link":"https:\/\/www.lafresca.fm\/castalla-presenta-la-nueva-agrupacion-local-de-proteccion-civil-que-iniciara-su-servicio-para-las-fiestas-de-vaca\/","title":{"rendered":"Castalla presenta la nueva Agrupaci\u00f3n Local de Protecci\u00f3n Civil que iniciar\u00e1 su servicio para las fiestas de Vaca"},"content":{"rendered":"\n<p><strong>Est\u00e1 compuesta por ocho voluntarios y empezar\u00e1n su servicio el pr\u00f3ximo 13 de agosto en las Fiestas de la Vaca.<\/strong><\/p>\n\n\n\n<p>El Ayuntamiento de Castalla, a trav\u00e9s de la Concejal\u00eda de Seguridad Ciudadana, ha presentado la nueva Agrupaci\u00f3n Local de Protecci\u00f3n Civil. Una acci\u00f3n que persigue continuar incorporando recursos que aporten una mayor seguridad a los vecinos y vecinas del municipio.<\/p>\n\n\n\n<p>La concejala del \u00e1rea, Magdalena Berenguer, ha indicado que esta nueva agrupaci\u00f3n consta de ocho voluntarios, inicialmente, y ha asegurado que sus primeras actuaciones tendr\u00e1n lugar el pr\u00f3ximo 13 de agosto, coincidiendo con el inicio de las Fiestas de la Vaca.<\/p>\n\n\n\n<p>Ra\u00fal Al\u00f3s, jefe de la Polic\u00eda Local de Castalla, ha mostrado su alegr\u00eda con la creaci\u00f3n de este servicio, \u201cformado por gente del pueblo que, voluntariamente, se ofrece a echar una mano en estas tareas y siempre es bienvenida la ayuda que hace Protecci\u00f3n Civil a la poblaci\u00f3n\u201d.<\/p>\n\n\n\n<p>Como ha destacado la edil, \u201cha sido necesario realizar m\u00faltiples gestiones que, con la ayuda de los propios voluntarios y del jefe de la Polic\u00eda Local, van dando sus frutos. Adem\u00e1s, su sede provisional se encontrar\u00e1 en las antiguas dependencias del Registro y los voluntarios ya cuentan con uniformes nuevos, han pasado las pruebas psicot\u00e9cnicas y est\u00e1n listos para comenzar\u201d.<\/p>\n\n\n\n<figure class=\"wp-block-image size-large\"><img fetchpriority=\"high\" decoding=\"async\" width=\"878\" height=\"1170\" src=\"https:\/\/www.lafresca.fm\/f-solosog\/2025\/08\/FOTO-VOLUNTARIOS-PSICOTECNICO-878x1170.jpg\" alt=\"\" class=\"wp-image-16018\" srcset=\"https:\/\/www.lafresca.fm\/f-solosog\/2025\/08\/FOTO-VOLUNTARIOS-PSICOTECNICO-878x1170.jpg 878w, https:\/\/www.lafresca.fm\/f-solosog\/2025\/08\/FOTO-VOLUNTARIOS-PSICOTECNICO-578x770.jpg 578w, https:\/\/www.lafresca.fm\/f-solosog\/2025\/08\/FOTO-VOLUNTARIOS-PSICOTECNICO-768x1024.jpg 768w, https:\/\/www.lafresca.fm\/f-solosog\/2025\/08\/FOTO-VOLUNTARIOS-PSICOTECNICO-1152x1536.jpg 1152w, https:\/\/www.lafresca.fm\/f-solosog\/2025\/08\/FOTO-VOLUNTARIOS-PSICOTECNICO-1536x2048.jpg 1536w, https:\/\/www.lafresca.fm\/f-solosog\/2025\/08\/FOTO-VOLUNTARIOS-PSICOTECNICO-scaled.jpg 1920w\" sizes=\"(max-width: 878px) 100vw, 878px\" \/><\/figure>\n<script>function PlayerjsAsync(){} if(window[\"Playerjs\"]){PlayerjsAsync();}<\/script>","protected":false},"excerpt":{"rendered":"<p>Est\u00e1 compuesta por ocho voluntarios y empezar\u00e1n su servicio el pr\u00f3ximo 13 de agosto en las Fiestas de la Vaca. El Ayuntamiento de Castalla, a trav\u00e9s de la Concejal\u00eda de Seguridad Ciudadana, ha presentado la nueva Agrupaci\u00f3n Local de Protecci\u00f3n Civil. Una acci\u00f3n que persigue continuar incorporando recursos que aporten ...<\/p>\n","protected":false},"author":2,"featured_media":16018,"comment_status":"closed","ping_status":"closed","sticky":false,"template":"","format":"standard","meta":{"_monsterinsights_skip_tracking":false,"_monsterinsights_sitenote_active":false,"_monsterinsights_sitenote_note":"","_monsterinsights_sitenote_category":0,"footnotes":""},"categories":[4],"tags":[144],"class_list":["post-16017","post","type-post","status-publish","format-standard","has-post-thumbnail","hentry","category-alicante","tag-castalla"],"aioseo_notices":[],"_links":{"self":[{"href":"https:\/\/www.lafresca.fm\/fresca-api-json\/wp\/v2\/posts\/16017","targetHints":{"allow":["GET"]}}],"collection":[{"href":"https:\/\/www.lafresca.fm\/fresca-api-json\/wp\/v2\/posts"}],"about":[{"href":"https:\/\/www.lafresca.fm\/fresca-api-json\/wp\/v2\/types\/post"}],"author":[{"embeddable":true,"href":"https:\/\/www.lafresca.fm\/fresca-api-json\/wp\/v2\/users\/2"}],"replies":[{"embeddable":true,"href":"https:\/\/www.lafresca.fm\/fresca-api-json\/wp\/v2\/comments?post=16017"}],"version-history":[{"count":1,"href":"https:\/\/www.lafresca.fm\/fresca-api-json\/wp\/v2\/posts\/16017\/revisions"}],"predecessor-version":[{"id":16019,"href":"https:\/\/www.lafresca.fm\/fresca-api-json\/wp\/v2\/posts\/16017\/revisions\/16019"}],"wp:featuredmedia":[{"embeddable":true,"href":"https:\/\/www.lafresca.fm\/fresca-api-json\/wp\/v2\/media\/16018"}],"wp:attachment":[{"href":"https:\/\/www.lafresca.fm\/fresca-api-json\/wp\/v2\/media?parent=16017"}],"wp:term":[{"taxonomy":"category","embeddable":true,"href":"https:\/\/www.lafresca.fm\/fresca-api-json\/wp\/v2\/categories?post=16017"},{"taxonomy":"post_tag","embeddable":true,"href":"https:\/\/www.lafresca.fm\/fresca-api-json\/wp\/v2\/tags?post=16017"}],"curies":[{"name":"wp","href":"https:\/\/api.w.org\/{rel}","templated":true}]}}