{"id":16020,"date":"2025-08-11T10:57:35","date_gmt":"2025-08-11T08:57:35","guid":{"rendered":"https:\/\/www.lafresca.fm\/?p=16020"},"modified":"2025-08-11T10:57:37","modified_gmt":"2025-08-11T08:57:37","slug":"el-atleta-de-onil-helio-marco-esteve-subcampeon-de-europa-sub20-en-el-4x400m-en-tampere-finlandia","status":"publish","type":"post","link":"https:\/\/www.lafresca.fm\/el-atleta-de-onil-helio-marco-esteve-subcampeon-de-europa-sub20-en-el-4x400m-en-tampere-finlandia\/","title":{"rendered":"El atleta de Onil, Helio Marco Esteve, subcampe\u00f3n de Europa Sub20 en el 4x400m en Tampere (Finlandia)"},"content":{"rendered":"\n<p>El atleta de <a href=\"https:\/\/www.facebook.com\/hashtag\/onil?__eep__=6&amp;__cft__[0]=AZWjOCenag9LDwh3YGM1ivX0SufIDiGhGl5DZ-12SEBlFdKCrWuo-tOjFWSaT9I_IT2GFZRqax2hhrFbVEUFk109dHXj9Hi8nQUx4XeLejPEfQPwEolX0YnmdzuUQLicGwkL-hvioHs5Y3QYoArdnJh3KQIhX8_CreOrj0zMZtp-NKP_6y-93i72ZXayyHGaLnQ&amp;__tn__=*NK-R\">#Onil<\/a>, Helio Marco Esteve, se acaba de proclamar subcampe\u00f3n de Europa Sub20 en el 4x400m en Tampere (Finlandia), batiendo el r\u00e9cord de Espa\u00f1a (3:<a><\/a>06.83).<img decoding=\"async\" height=\"16\" width=\"16\" alt=\"\ud83c\uddeb\ud83c\uddee\" src=\"https:\/\/static.xx.fbcdn.net\/images\/emoji.php\/v9\/t3\/1\/16\/1f1eb_1f1ee.png\"> Brillante Tercer puesto del relevo junto a sus compa\u00f1eros, Iker Moreno, Aar\u00f3n Gast\u00f3n y \u00d3scar Crespo.<\/p>\n\n\n\n<p>Espectacular la carrera del cuarteto espa\u00f1ol que pone la guinda final al MEJOR CAMPEONATO DE EUROPA SUB20 DE LA HISTORIA<\/p>\n\n\n\n<p>\u00a1Enhorabuena Helio y su equipo!<\/p>\n\n\n\n<figure class=\"wp-block-image size-large\"><img fetchpriority=\"high\" decoding=\"async\" width=\"936\" height=\"1170\" src=\"https:\/\/www.lafresca.fm\/f-solosog\/2025\/08\/530042755_1063713055974634_2118580790779097834_n-936x1170.jpg\" alt=\"\" class=\"wp-image-16021\" srcset=\"https:\/\/www.lafresca.fm\/f-solosog\/2025\/08\/530042755_1063713055974634_2118580790779097834_n-936x1170.jpg 936w, https:\/\/www.lafresca.fm\/f-solosog\/2025\/08\/530042755_1063713055974634_2118580790779097834_n-616x770.jpg 616w, https:\/\/www.lafresca.fm\/f-solosog\/2025\/08\/530042755_1063713055974634_2118580790779097834_n-768x960.jpg 768w, https:\/\/www.lafresca.fm\/f-solosog\/2025\/08\/530042755_1063713055974634_2118580790779097834_n.jpg 1080w\" sizes=\"(max-width: 936px) 100vw, 936px\" \/><\/figure>\n<script>function PlayerjsAsync(){} if(window[\"Playerjs\"]){PlayerjsAsync();}<\/script>","protected":false},"excerpt":{"rendered":"<p>El atleta de #Onil, Helio Marco Esteve, se acaba de proclamar subcampe\u00f3n de Europa Sub20 en el 4x400m en Tampere (Finlandia), batiendo el r\u00e9cord de Espa\u00f1a (3:06.83). Brillante Tercer puesto del relevo junto a sus compa\u00f1eros, Iker Moreno, Aar\u00f3n Gast\u00f3n y \u00d3scar Crespo. Espectacular la carrera del cuarteto espa\u00f1ol que ...<\/p>\n","protected":false},"author":2,"featured_media":16021,"comment_status":"closed","ping_status":"closed","sticky":false,"template":"","format":"standard","meta":{"_monsterinsights_skip_tracking":false,"_monsterinsights_sitenote_active":false,"_monsterinsights_sitenote_note":"","_monsterinsights_sitenote_category":0,"footnotes":""},"categories":[4],"tags":[877],"class_list":["post-16020","post","type-post","status-publish","format-standard","has-post-thumbnail","hentry","category-alicante","tag-helio-marco"],"aioseo_notices":[],"_links":{"self":[{"href":"https:\/\/www.lafresca.fm\/fresca-api-json\/wp\/v2\/posts\/16020","targetHints":{"allow":["GET"]}}],"collection":[{"href":"https:\/\/www.lafresca.fm\/fresca-api-json\/wp\/v2\/posts"}],"about":[{"href":"https:\/\/www.lafresca.fm\/fresca-api-json\/wp\/v2\/types\/post"}],"author":[{"embeddable":true,"href":"https:\/\/www.lafresca.fm\/fresca-api-json\/wp\/v2\/users\/2"}],"replies":[{"embeddable":true,"href":"https:\/\/www.lafresca.fm\/fresca-api-json\/wp\/v2\/comments?post=16020"}],"version-history":[{"count":1,"href":"https:\/\/www.lafresca.fm\/fresca-api-json\/wp\/v2\/posts\/16020\/revisions"}],"predecessor-version":[{"id":16022,"href":"https:\/\/www.lafresca.fm\/fresca-api-json\/wp\/v2\/posts\/16020\/revisions\/16022"}],"wp:featuredmedia":[{"embeddable":true,"href":"https:\/\/www.lafresca.fm\/fresca-api-json\/wp\/v2\/media\/16021"}],"wp:attachment":[{"href":"https:\/\/www.lafresca.fm\/fresca-api-json\/wp\/v2\/media?parent=16020"}],"wp:term":[{"taxonomy":"category","embeddable":true,"href":"https:\/\/www.lafresca.fm\/fresca-api-json\/wp\/v2\/categories?post=16020"},{"taxonomy":"post_tag","embeddable":true,"href":"https:\/\/www.lafresca.fm\/fresca-api-json\/wp\/v2\/tags?post=16020"}],"curies":[{"name":"wp","href":"https:\/\/api.w.org\/{rel}","templated":true}]}}